{"id":75641,"date":"2026-09-04T17:10:55","date_gmt":"2026-09-04T21:10:55","guid":{"rendered":"https:\/\/www.crea-mt.org.br\/portal\/?p=75641"},"modified":"2026-09-04T17:12:39","modified_gmt":"2026-09-04T21:12:39","slug":"crea-mt-informa-sobre-expediente-durante-o-feriado-de-dia-da-independencia-do-bras","status":"publish","type":"post","link":"https:\/\/www.crea-mt.org.br\/portal\/crea-mt-informa-sobre-expediente-durante-o-feriado-de-dia-da-independencia-do-bras\/","title":{"rendered":"Crea-MT informa sobre expediente durante o feriado de Dia da Independ\u00eancia do Brasil"},"content":{"rendered":"<p data-start=\"0\" data-end=\"242\"><img loading=\"lazy\" decoding=\"async\" class=\"aligncenter size-site-padrao wp-image-75642\" src=\"https:\/\/www.crea-mt.org.br\/portal\/wp-content\/uploads\/2026\/09\/Captura-de-tela-2026-06-03-110532-847x393.png\" alt=\"\" width=\"847\" height=\"393\" srcset=\"https:\/\/www.crea-mt.org.br\/portal\/wp-content\/uploads\/2026\/09\/Captura-de-tela-2026-06-03-110532-847x393.png 847w, https:\/\/www.crea-mt.org.br\/portal\/wp-content\/uploads\/2026\/09\/Captura-de-tela-2026-06-03-110532-768x356.png 768w, https:\/\/www.crea-mt.org.br\/portal\/wp-content\/uploads\/2026\/09\/Captura-de-tela-2026-06-03-110532-543x252.png 543w, https:\/\/www.crea-mt.org.br\/portal\/wp-content\/uploads\/2026\/09\/Captura-de-tela-2026-06-03-110532-336x156.png 336w, https:\/\/www.crea-mt.org.br\/portal\/wp-content\/uploads\/2026\/09\/Captura-de-tela-2026-06-03-110532.png 957w\" sizes=\"auto, (max-width: 847px) 100vw, 847px\" \/><\/p>\n<p data-start=\"0\" data-end=\"242\">O Conselho Regional de Engenharia e Agronomia de Mato Grosso (Crea-MT) informa que, em virtude do feriado nacional de<strong> Independ\u00eancia do Brasil<\/strong> , nesta <strong data-start=\"132\" data-end=\"153\">segunda-feira (07)<\/strong>,\u00a0n\u00e3o haver\u00e1 expediente em suas unidades.<\/p>\n<p data-start=\"244\" data-end=\"312\">As atividades ser\u00e3o retomadas normalmente na\u00a0<strong data-start=\"289\" data-end=\"311\">ter\u00e7a-feira (08)<\/strong>.<\/p>\n<p data-start=\"314\" data-end=\"516\" data-is-last-node=\"\" data-is-only-node=\"\">Vale ressaltar que o Crea-MT disponibiliza servi\u00e7os online, como emiss\u00e3o de ART, certid\u00f5es e consultas, por meio do sistema eCrea, que permanecem em funcionamento durante os feriados e finais de semana.<\/p>\n<h4 data-start=\"314\" data-end=\"516\">Texto: Assessoria de Comunica\u00e7\u00e3o do Crea-MT<\/h4>\n","protected":false},"excerpt":{"rendered":"<p>O Conselho Regional de Engenharia e Agronomia de Mato Grosso (Crea-MT) informa que, em virtude do feriado nacional de Independ\u00eancia do Brasil , nesta segunda-feira (07),\u00a0n\u00e3o haver\u00e1 expediente em suas unidades. As atividades ser\u00e3o retomadas normalmente na\u00a0ter\u00e7a-feira (08). Vale ressaltar que o Crea-MT disponibiliza servi\u00e7os online, como emiss\u00e3o de ART, certid\u00f5es e consultas, por meio [&hellip;]<\/p>\n","protected":false},"author":2,"featured_media":75642,"comment_status":"closed","ping_status":"closed","sticky":false,"template":"","format":"standard","meta":{"footnotes":""},"categories":[1],"tags":[],"class_list":["post-75641","post","type-post","status-publish","format-standard","has-post-thumbnail","hentry","category-noticias"],"acf":[],"_links":{"self":[{"href":"https:\/\/www.crea-mt.org.br\/portal\/wp-json\/wp\/v2\/posts\/75641","targetHints":{"allow":["GET"]}}],"collection":[{"href":"https:\/\/www.crea-mt.org.br\/portal\/wp-json\/wp\/v2\/posts"}],"about":[{"href":"https:\/\/www.crea-mt.org.br\/portal\/wp-json\/wp\/v2\/types\/post"}],"author":[{"embeddable":true,"href":"https:\/\/www.crea-mt.org.br\/portal\/wp-json\/wp\/v2\/users\/2"}],"replies":[{"embeddable":true,"href":"https:\/\/www.crea-mt.org.br\/portal\/wp-json\/wp\/v2\/comments?post=75641"}],"version-history":[{"count":2,"href":"https:\/\/www.crea-mt.org.br\/portal\/wp-json\/wp\/v2\/posts\/75641\/revisions"}],"predecessor-version":[{"id":75751,"href":"https:\/\/www.crea-mt.org.br\/portal\/wp-json\/wp\/v2\/posts\/75641\/revisions\/75751"}],"wp:featuredmedia":[{"embeddable":true,"href":"https:\/\/www.crea-mt.org.br\/portal\/wp-json\/wp\/v2\/media\/75642"}],"wp:attachment":[{"href":"https:\/\/www.crea-mt.org.br\/portal\/wp-json\/wp\/v2\/media?parent=75641"}],"wp:term":[{"taxonomy":"category","embeddable":true,"href":"https:\/\/www.crea-mt.org.br\/portal\/wp-json\/wp\/v2\/categories?post=75641"},{"taxonomy":"post_tag","embeddable":true,"href":"https:\/\/www.crea-mt.org.br\/portal\/wp-json\/wp\/v2\/tags?post=75641"}],"curies":[{"name":"wp","href":"https:\/\/api.w.org\/{rel}","templated":true}]}}