{"id":75427,"date":"2026-09-04T14:21:14","date_gmt":"2026-09-04T18:21:14","guid":{"rendered":"https:\/\/www.crea-mt.org.br\/portal\/?p=75427"},"modified":"2026-09-04T14:22:53","modified_gmt":"2026-09-04T18:22:53","slug":"crea-mt-realiza-intercambio-tecnico-no-crea-sc-para-aprimorar-acoes-de-fiscalizacao","status":"publish","type":"post","link":"https:\/\/www.crea-mt.org.br\/portal\/crea-mt-realiza-intercambio-tecnico-no-crea-sc-para-aprimorar-acoes-de-fiscalizacao\/","title":{"rendered":"Crea-MT realiza interc\u00e2mbio t\u00e9cnico no Crea-SC para aprimorar a\u00e7\u00f5es de fiscaliza\u00e7\u00e3o"},"content":{"rendered":"<p><img loading=\"lazy\" decoding=\"async\" class=\"aligncenter size-site-padrao wp-image-75638\" src=\"https:\/\/www.crea-mt.org.br\/portal\/wp-content\/uploads\/2026\/09\/WhatsApp-Image-2026-09-03-at-10.18.54-2-847x635.jpeg\" alt=\"\" width=\"847\" height=\"635\" srcset=\"https:\/\/www.crea-mt.org.br\/portal\/wp-content\/uploads\/2026\/09\/WhatsApp-Image-2026-09-03-at-10.18.54-2-847x635.jpeg 847w, https:\/\/www.crea-mt.org.br\/portal\/wp-content\/uploads\/2026\/09\/WhatsApp-Image-2026-09-03-at-10.18.54-2-768x576.jpeg 768w, https:\/\/www.crea-mt.org.br\/portal\/wp-content\/uploads\/2026\/09\/WhatsApp-Image-2026-09-03-at-10.18.54-2-1536x1152.jpeg 1536w, https:\/\/www.crea-mt.org.br\/portal\/wp-content\/uploads\/2026\/09\/WhatsApp-Image-2026-09-03-at-10.18.54-2-543x407.jpeg 543w, https:\/\/www.crea-mt.org.br\/portal\/wp-content\/uploads\/2026\/09\/WhatsApp-Image-2026-09-03-at-10.18.54-2-336x252.jpeg 336w, https:\/\/www.crea-mt.org.br\/portal\/wp-content\/uploads\/2026\/09\/WhatsApp-Image-2026-09-03-at-10.18.54-2.jpeg 1600w\" sizes=\"auto, (max-width: 847px) 100vw, 847px\" \/><\/p>\n<p>&nbsp;<\/p>\n<p>O Conselho Regional de Engenharia e Agronomia de Mato Grosso (Crea-MT) realizou, entre os dias 31 de agosto e 3 de setembro, um interc\u00e2mbio t\u00e9cnico com o Conselho Regional de Engenharia e Agronomia de Santa Catarina (Crea-SC, com o objetivo de conhecer ferramentas, metodologias e boas pr\u00e1ticas voltadas ao aprimoramento das atividades de fiscaliza\u00e7\u00e3o.<\/p>\n<p>Representando o Crea-MT, participaram da visita o superintendente operacional de Fiscaliza\u00e7\u00e3o, Donizeth Vit\u00f3rio Taveira, a coordenadora de Fiscaliza\u00e7\u00e3o, Ivanil Martins de Almeida, o coordenador operacional de Fiscaliza\u00e7\u00e3o, Emilson e o supervisor de Polo, Marcos Nogueira.<\/p>\n<p>&nbsp;<\/p>\n<figure id=\"attachment_75637\"  class=\"figure aligncenter\" style=\"width: 857px;\"><img loading=\"lazy\" decoding=\"async\" class=\"wp-image-75637 size-site-padrao\" src=\"https:\/\/www.crea-mt.org.br\/portal\/wp-content\/uploads\/2026\/09\/WhatsApp-Image-2026-09-03-at-10.18.53-1-1-847x1129.jpeg\" alt=\"\" width=\"847\" height=\"1129\" srcset=\"https:\/\/www.crea-mt.org.br\/portal\/wp-content\/uploads\/2026\/09\/WhatsApp-Image-2026-09-03-at-10.18.53-1-1-847x1129.jpeg 847w, https:\/\/www.crea-mt.org.br\/portal\/wp-content\/uploads\/2026\/09\/WhatsApp-Image-2026-09-03-at-10.18.53-1-1-768x1024.jpeg 768w, https:\/\/www.crea-mt.org.br\/portal\/wp-content\/uploads\/2026\/09\/WhatsApp-Image-2026-09-03-at-10.18.53-1-1-1152x1536.jpeg 1152w, https:\/\/www.crea-mt.org.br\/portal\/wp-content\/uploads\/2026\/09\/WhatsApp-Image-2026-09-03-at-10.18.53-1-1-543x724.jpeg 543w, https:\/\/www.crea-mt.org.br\/portal\/wp-content\/uploads\/2026\/09\/WhatsApp-Image-2026-09-03-at-10.18.53-1-1-336x448.jpeg 336w, https:\/\/www.crea-mt.org.br\/portal\/wp-content\/uploads\/2026\/09\/WhatsApp-Image-2026-09-03-at-10.18.53-1-1.jpeg 1200w\" sizes=\"auto, (max-width: 847px) 100vw, 847px\" \/><figcaption class=\"figure-caption\">Equipe de fiscaliza\u00e7\u00e3o do CREA-MT junto com membro da fiscaliza\u00e7\u00e3o do CREA-SC<\/figcaption><\/figure>\n<p>&nbsp;<\/p>\n<p>Durante a visita a equipe do Crea-SC, apresentou ferramentas como o aplicativo de Fiscaliza\u00e7\u00e3o, sistemas de planejamento e controle das atividades, al\u00e9m de solu\u00e7\u00f5es desenvolvidas em Python incorporadas com recursos de Intelig\u00eancia Artificial, para melhorar os trabalhos da equipe de fiscaliza\u00e7\u00e3o.<\/p>\n<p>\u201cA integra\u00e7\u00e3o entre os Creas fortalece o Sistema Confea\/Crea e contribui diretamente para uma fiscaliza\u00e7\u00e3o mais moderna, tecnol\u00f3gica, padronizada e efetiva. A experi\u00eancia de cada Regional pode trazer novas perspectivas e contribuir para o aperfei\u00e7oamento dos procedimentos adotados em todo o Sistema\u201d, destacou o superintendente operacional de Fiscaliza\u00e7\u00e3o do Crea-MT, Donizeth Vit\u00f3rio Taveira.<\/p>\n<p>A iniciativa al\u00e9m de novos conhecimentos, proporcionou troca de experi\u00eancias entre ambos os Creas contribuindo para o fortalecimento dos servi\u00e7os de fiscaliza\u00e7\u00e3o.<\/p>\n<p>Confira galeria de fotos <a href=\"https:\/\/www.crea-mt.org.br\/portal\/galerias\/crea-mt-realiza-intercambio-tecnico-no-crea-sc-para-aprimorar-acoes-de-fiscalizacao\/\">aqui.<\/a><\/p>\n<h4>Texto: Assessoria de Comunica\u00e7\u00e3o do Crea-MT<\/h4>\n","protected":false},"excerpt":{"rendered":"<p>&nbsp; O Conselho Regional de Engenharia e Agronomia de Mato Grosso (Crea-MT) realizou, entre os dias 31 de agosto e 3 de setembro, um interc\u00e2mbio t\u00e9cnico com o Conselho Regional de Engenharia e Agronomia de Santa Catarina (Crea-SC, com o objetivo de conhecer ferramentas, metodologias e boas pr\u00e1ticas voltadas ao aprimoramento das atividades de fiscaliza\u00e7\u00e3o. [&hellip;]<\/p>\n","protected":false},"author":2,"featured_media":75749,"comment_status":"closed","ping_status":"closed","sticky":false,"template":"","format":"standard","meta":{"footnotes":""},"categories":[1],"tags":[],"class_list":["post-75427","post","type-post","status-publish","format-standard","has-post-thumbnail","hentry","category-noticias"],"acf":[],"_links":{"self":[{"href":"https:\/\/www.crea-mt.org.br\/portal\/wp-json\/wp\/v2\/posts\/75427","targetHints":{"allow":["GET"]}}],"collection":[{"href":"https:\/\/www.crea-mt.org.br\/portal\/wp-json\/wp\/v2\/posts"}],"about":[{"href":"https:\/\/www.crea-mt.org.br\/portal\/wp-json\/wp\/v2\/types\/post"}],"author":[{"embeddable":true,"href":"https:\/\/www.crea-mt.org.br\/portal\/wp-json\/wp\/v2\/users\/2"}],"replies":[{"embeddable":true,"href":"https:\/\/www.crea-mt.org.br\/portal\/wp-json\/wp\/v2\/comments?post=75427"}],"version-history":[{"count":3,"href":"https:\/\/www.crea-mt.org.br\/portal\/wp-json\/wp\/v2\/posts\/75427\/revisions"}],"predecessor-version":[{"id":75737,"href":"https:\/\/www.crea-mt.org.br\/portal\/wp-json\/wp\/v2\/posts\/75427\/revisions\/75737"}],"wp:featuredmedia":[{"embeddable":true,"href":"https:\/\/www.crea-mt.org.br\/portal\/wp-json\/wp\/v2\/media\/75749"}],"wp:attachment":[{"href":"https:\/\/www.crea-mt.org.br\/portal\/wp-json\/wp\/v2\/media?parent=75427"}],"wp:term":[{"taxonomy":"category","embeddable":true,"href":"https:\/\/www.crea-mt.org.br\/portal\/wp-json\/wp\/v2\/categories?post=75427"},{"taxonomy":"post_tag","embeddable":true,"href":"https:\/\/www.crea-mt.org.br\/portal\/wp-json\/wp\/v2\/tags?post=75427"}],"curies":[{"name":"wp","href":"https:\/\/api.w.org\/{rel}","templated":true}]}}