{"id":75358,"date":"2026-09-03T16:31:43","date_gmt":"2026-09-03T20:31:43","guid":{"rendered":"https:\/\/www.crea-mt.org.br\/portal\/?p=75358"},"modified":"2026-09-03T16:41:22","modified_gmt":"2026-09-03T20:41:22","slug":"crea-mt-estende-prazo-de-inscricao-para-o-2o-premio-arara-veja-novas-datas","status":"publish","type":"post","link":"https:\/\/www.crea-mt.org.br\/portal\/crea-mt-estende-prazo-de-inscricao-para-o-2o-premio-arara-veja-novas-datas\/","title":{"rendered":"Crea-MT estende prazo de inscri\u00e7\u00e3o para o 2\u00ba pr\u00eamio arara; Veja novas datas"},"content":{"rendered":"<p><img loading=\"lazy\" decoding=\"async\" class=\"aligncenter wp-image-75477\" src=\"https:\/\/www.crea-mt.org.br\/portal\/wp-content\/uploads\/2026\/09\/Capturar.png\" alt=\"\" width=\"933\" height=\"315\" srcset=\"https:\/\/www.crea-mt.org.br\/portal\/wp-content\/uploads\/2026\/09\/Capturar.png 832w, https:\/\/www.crea-mt.org.br\/portal\/wp-content\/uploads\/2026\/09\/Capturar-768x259.png 768w, https:\/\/www.crea-mt.org.br\/portal\/wp-content\/uploads\/2026\/09\/Capturar-543x183.png 543w, https:\/\/www.crea-mt.org.br\/portal\/wp-content\/uploads\/2026\/09\/Capturar-336x113.png 336w\" sizes=\"auto, (max-width: 933px) 100vw, 933px\" \/><\/p>\n<p>&nbsp;<\/p>\n<p>O Conselho Regional de Engenharia e Agronomia de Mato Grosso (Crea-MT) prorrogou nesta quarta-feira (03) o per\u00edodo para inscri\u00e7\u00f5es da 2\u00aa edi\u00e7\u00e3o do Pr\u00eamio Arara \u2013 Iniciativas Sustent\u00e1veis. A premia\u00e7\u00e3o visa reconhecer, valorizar e divulgar projetos e a\u00e7\u00f5es voltadas \u00e1 preserva\u00e7\u00e3o ambiental e ao desenvolvimento sustent\u00e1vel.<\/p>\n<p>Com a prorroga\u00e7\u00e3o, os interessados ter\u00e3o\u00a0<strong>at\u00e9 o dia 10 de setembro para realizar a inscri\u00e7\u00e3o<\/strong>.<\/p>\n<p>Podem participar profissionais registrados no Sistema Confea\/Crea, empresas, institui\u00e7\u00f5es de ensino e pesquisa, \u00f3rg\u00e3os governamentais, organiza\u00e7\u00f5es da sociedade civil e demais integrantes da comunidade t\u00e9cnica e acad\u00eamica.<\/p>\n<p>Nesta edi\u00e7\u00e3o, os participantes podem se inscrever em quatro categorias: Inova\u00e7\u00f5es Sustent\u00e1veis, Educa\u00e7\u00e3o e Mobiliza\u00e7\u00e3o Ambiental, Gest\u00e3o de Recursos Naturais e Conserva\u00e7\u00e3o e Pr\u00e1ticas Sustent\u00e1veis no Setor da Engenharia, Agronomia e Geoci\u00eancias. Os trabalhos devem apresentar contribui\u00e7\u00f5es efetivas para a preserva\u00e7\u00e3o ambiental, o uso sustent\u00e1vel dos recursos naturais e a promo\u00e7\u00e3o de solu\u00e7\u00f5es inovadoras para os desafios socioambientais.<\/p>\n<p>Os projetos ser\u00e3o avaliados por uma banca julgadora composta por representantes da Comiss\u00e3o de Meio Ambiente do Crea-MT, institui\u00e7\u00f5es de ensino, sociedade civil, \u00f3rg\u00e3os governamentais e da M\u00fatua-MT. Entre os crit\u00e9rios analisados est\u00e3o o impacto ambiental positivo, inova\u00e7\u00e3o, viabilidade t\u00e9cnica, potencial de replica\u00e7\u00e3o e alinhamento aos objetivos de desenvolvimento sustent\u00e1vel (ODS) da ONU.<\/p>\n<p>De acordo com o novo cronograma, a lista dos inscritos ser\u00e1 publicada no dia 12 de setembro. A avalia\u00e7\u00e3o dos projetos ser\u00e1 feita no dia 13 de setembro a 13 de outubro e os finalistas ser\u00e3o divulgados no dia 20 de outubro.<\/p>\n<p>A cerim\u00f4nia para entrega da premia\u00e7\u00e3o est\u00e1 prevista para o dia 11 de novembro.<\/p>\n<p>O vencedor de cada categoria, al\u00e9m do trof\u00e9u arara, receber\u00e1 certificado de reconhecimento, al\u00e9m de ter o trabalho divulgado em todos os canais institucionais do Crea.<\/p>\n<p>As inscri\u00e7\u00f5es e o regulamento j\u00e1 est\u00e3o dispon\u00edveis e podem ser acessados abaixo:<\/p>\n<ul>\n<li>\n<ul>\n<li><a href=\"https:\/\/docs.google.com\/forms\/d\/e\/1FAIpQLScny8atdI6D4sLtwS5dHLR83P25EScMuLRBKb-QtPq4QNLMnw\/viewform?usp=send_form\">Inscri\u00e7\u00f5es\u00a0<\/a><\/li>\n<li><a href=\"https:\/\/www.crea-mt.org.br\/portal\/wp-content\/uploads\/2026\/06\/REGULAMENTO-2-PREMIO-ARARA.pdf\">REGULAMENTO 2 PR\u00caMIO ARARA<\/a><\/li>\n<\/ul>\n<\/li>\n<\/ul>\n<h3>Confira abaixo o cronograma completo da 2\u00aa edi\u00e7\u00e3o do Pr\u00eamio Arara \u2013 Iniciativas Sustent\u00e1veis:<\/h3>\n<p><img loading=\"lazy\" decoding=\"async\" class=\"aligncenter wp-image-75359\" src=\"https:\/\/www.crea-mt.org.br\/portal\/wp-content\/uploads\/2026\/09\/Captura-de-tela-2026-09-03-112155.png\" alt=\"\" width=\"480\" height=\"293\" srcset=\"https:\/\/www.crea-mt.org.br\/portal\/wp-content\/uploads\/2026\/09\/Captura-de-tela-2026-09-03-112155.png 703w, https:\/\/www.crea-mt.org.br\/portal\/wp-content\/uploads\/2026\/09\/Captura-de-tela-2026-09-03-112155-543x332.png 543w, https:\/\/www.crea-mt.org.br\/portal\/wp-content\/uploads\/2026\/09\/Captura-de-tela-2026-09-03-112155-336x206.png 336w\" sizes=\"auto, (max-width: 480px) 100vw, 480px\" \/><\/p>\n<p>&nbsp;<\/p>\n<h4>Texto: Assessoria de Comunica\u00e7\u00e3o do Crea-MT<\/h4>\n","protected":false},"excerpt":{"rendered":"<p>&nbsp; O Conselho Regional de Engenharia e Agronomia de Mato Grosso (Crea-MT) prorrogou nesta quarta-feira (03) o per\u00edodo para inscri\u00e7\u00f5es da 2\u00aa edi\u00e7\u00e3o do Pr\u00eamio Arara \u2013 Iniciativas Sustent\u00e1veis. A premia\u00e7\u00e3o visa reconhecer, valorizar e divulgar projetos e a\u00e7\u00f5es voltadas \u00e1 preserva\u00e7\u00e3o ambiental e ao desenvolvimento sustent\u00e1vel. Com a prorroga\u00e7\u00e3o, os interessados ter\u00e3o\u00a0at\u00e9 o dia [&hellip;]<\/p>\n","protected":false},"author":2,"featured_media":75478,"comment_status":"closed","ping_status":"closed","sticky":false,"template":"","format":"standard","meta":{"footnotes":""},"categories":[1],"tags":[],"class_list":["post-75358","post","type-post","status-publish","format-standard","has-post-thumbnail","hentry","category-noticias"],"acf":[],"_links":{"self":[{"href":"https:\/\/www.crea-mt.org.br\/portal\/wp-json\/wp\/v2\/posts\/75358","targetHints":{"allow":["GET"]}}],"collection":[{"href":"https:\/\/www.crea-mt.org.br\/portal\/wp-json\/wp\/v2\/posts"}],"about":[{"href":"https:\/\/www.crea-mt.org.br\/portal\/wp-json\/wp\/v2\/types\/post"}],"author":[{"embeddable":true,"href":"https:\/\/www.crea-mt.org.br\/portal\/wp-json\/wp\/v2\/users\/2"}],"replies":[{"embeddable":true,"href":"https:\/\/www.crea-mt.org.br\/portal\/wp-json\/wp\/v2\/comments?post=75358"}],"version-history":[{"count":4,"href":"https:\/\/www.crea-mt.org.br\/portal\/wp-json\/wp\/v2\/posts\/75358\/revisions"}],"predecessor-version":[{"id":75481,"href":"https:\/\/www.crea-mt.org.br\/portal\/wp-json\/wp\/v2\/posts\/75358\/revisions\/75481"}],"wp:featuredmedia":[{"embeddable":true,"href":"https:\/\/www.crea-mt.org.br\/portal\/wp-json\/wp\/v2\/media\/75478"}],"wp:attachment":[{"href":"https:\/\/www.crea-mt.org.br\/portal\/wp-json\/wp\/v2\/media?parent=75358"}],"wp:term":[{"taxonomy":"category","embeddable":true,"href":"https:\/\/www.crea-mt.org.br\/portal\/wp-json\/wp\/v2\/categories?post=75358"},{"taxonomy":"post_tag","embeddable":true,"href":"https:\/\/www.crea-mt.org.br\/portal\/wp-json\/wp\/v2\/tags?post=75358"}],"curies":[{"name":"wp","href":"https:\/\/api.w.org\/{rel}","templated":true}]}}