{"id":75354,"date":"2026-09-03T11:46:16","date_gmt":"2026-09-03T15:46:16","guid":{"rendered":"https:\/\/www.crea-mt.org.br\/portal\/?p=75354"},"modified":"2026-09-03T11:47:06","modified_gmt":"2026-09-03T15:47:06","slug":"associacao-dos-engenheiros-agronomos-de-mato-grosso-aea-mt-realiza-o-2o-ciclo-de-palestras-da-agronomia-em-parceria-com-o-crea-mt","status":"publish","type":"post","link":"https:\/\/www.crea-mt.org.br\/portal\/associacao-dos-engenheiros-agronomos-de-mato-grosso-aea-mt-realiza-o-2o-ciclo-de-palestras-da-agronomia-em-parceria-com-o-crea-mt\/","title":{"rendered":"Associa\u00e7\u00e3o dos Engenheiros Agr\u00f4nomos de Mato Grosso (AEA-MT) realiza o 2\u00ba Ciclo de Palestras da Agronomia em parceria com o Crea-MT"},"content":{"rendered":"<p>&nbsp;<\/p>\n<p><img loading=\"lazy\" decoding=\"async\" class=\"aligncenter size-site-padrao wp-image-75361\" src=\"https:\/\/www.crea-mt.org.br\/portal\/wp-content\/uploads\/2026\/09\/WhatsApp-Image-2026-09-02-at-17.39.08-847x1059.jpeg\" alt=\"\" width=\"847\" height=\"1059\" srcset=\"https:\/\/www.crea-mt.org.br\/portal\/wp-content\/uploads\/2026\/09\/WhatsApp-Image-2026-09-02-at-17.39.08-847x1059.jpeg 847w, https:\/\/www.crea-mt.org.br\/portal\/wp-content\/uploads\/2026\/09\/WhatsApp-Image-2026-09-02-at-17.39.08-768x960.jpeg 768w, https:\/\/www.crea-mt.org.br\/portal\/wp-content\/uploads\/2026\/09\/WhatsApp-Image-2026-09-02-at-17.39.08-1229x1536.jpeg 1229w, https:\/\/www.crea-mt.org.br\/portal\/wp-content\/uploads\/2026\/09\/WhatsApp-Image-2026-09-02-at-17.39.08-543x679.jpeg 543w, https:\/\/www.crea-mt.org.br\/portal\/wp-content\/uploads\/2026\/09\/WhatsApp-Image-2026-09-02-at-17.39.08-336x420.jpeg 336w, https:\/\/www.crea-mt.org.br\/portal\/wp-content\/uploads\/2026\/09\/WhatsApp-Image-2026-09-02-at-17.39.08.jpeg 1280w\" sizes=\"auto, (max-width: 847px) 100vw, 847px\" \/><\/p>\n<p>A Associa\u00e7\u00e3o dos Engenheiros Agr\u00f4nomos de Mato Grosso (AEA-MT), realiza no dia 10 de setembro, o 2\u00aa Ciclo de palestras da Agronomia no audit\u00f3rio Sara Suelly Attilio Caporossi, localizado na sede do Conselho Regional de Engenharia e Agronomia de Mato Grosso (Crea-MT) em Cuiab\u00e1. O evento faz parte do Edital de Chamamento P\u00fablico n\u00b0 001\/2026.<\/p>\n<p>O objetivo principal do semin\u00e1rio \u00e9 auxiliar na atualiza\u00e7\u00e3o profissional e integrar conhecimentos de estudantes, profissionais e institui\u00e7\u00f5es de diferentes \u00e1reas relacionadas a Agronomia.<\/p>\n<p>A programa\u00e7\u00e3o come\u00e7a com a abertura institucional, composta por representantes da AEA-MT, Crea-MT, M\u00fatua-MT, Confea e Instituto de Defesa Agropecu\u00e1ria do Estado de Mato Grosso (Indea-MT).<\/p>\n<p>O ciclo conta com tr\u00eas palestras com in\u00edcio para \u00e0s 14:30. O eng. agr\u00f4nomo Cleiton Louren\u00e7o de Oliveira abordar\u00e1 &#8220;Resolu\u00e7\u00e3o CONFEA n\u00ba 1.149\/2025 &#8211; Atribui\u00e7\u00f5es, Prescri\u00e7\u00e3o e Regras para o Receitu\u00e1rio Agron\u00f4mico&#8221;.<\/p>\n<p>Na sequ\u00eancia, o fiscal estadual do Indea-MT, Jos\u00e9 Rob\u00e9rio Rodrigues da Silva, ir\u00e1 falar sobre &#8220;Atua\u00e7\u00e3o do Indea-MT na fiscaliza\u00e7\u00e3o de agrot\u00f3xicos e afins&#8221;.<\/p>\n<p>A \u00faltima palestra ser\u00e1 &#8220;A Fiscaliza\u00e7\u00e3o em propriedades rurais&#8221;, ministrada por dois palestrantes: a coordenadora de Fiscaliza\u00e7\u00e3o do Conselho Ivanil Martins, e o superintendente de Fiscaliza\u00e7\u00e3o do Crea-MT Donizeth Vit\u00f3rio Taveira.<\/p>\n<p>O encerramento est\u00e1 previsto para \u00e0s 17h30, logo ap\u00f3s o debate entre os participantes.<\/p>\n<p>O evento \u00e9 gratuito e as inscri\u00e7\u00f5es podem ser realizadas clicando <a href=\"https:\/\/www.even3.com.br\/2-ciclo-de-palestras-da-agronomia-776454\/\">aqui.<\/a><\/p>\n<h3><strong>Edital de Chamamento P\u00fablico<\/strong><\/h3>\n<p>O evento ser\u00e1 realizado com recursos do Edital de Chamamento P\u00fablico n\u00ba 001\/2026, disponibilizado pelo Crea-MT. O edital tem como objetivo apoiar projetos desenvolvidos pelas entidades de classe registradas no conselho, fortalecendo a valoriza\u00e7\u00e3o profissional, a qualifica\u00e7\u00e3o t\u00e9cnica e o desenvolvimento das engenharias, agronomia e geoci\u00eancias em Mato Grosso.<\/p>\n<h4><strong>Texto: Assessoria de Comunica\u00e7\u00e3o do Crea-MT<\/strong><\/h4>\n<p>&nbsp;<\/p>\n<p>&nbsp;<\/p>\n","protected":false},"excerpt":{"rendered":"<p>&nbsp; A Associa\u00e7\u00e3o dos Engenheiros Agr\u00f4nomos de Mato Grosso (AEA-MT), realiza no dia 10 de setembro, o 2\u00aa Ciclo de palestras da Agronomia no audit\u00f3rio Sara Suelly Attilio Caporossi, localizado na sede do Conselho Regional de Engenharia e Agronomia de Mato Grosso (Crea-MT) em Cuiab\u00e1. O evento faz parte do Edital de Chamamento P\u00fablico n\u00b0 [&hellip;]<\/p>\n","protected":false},"author":2,"featured_media":75362,"comment_status":"closed","ping_status":"closed","sticky":false,"template":"","format":"standard","meta":{"footnotes":""},"categories":[1],"tags":[],"class_list":["post-75354","post","type-post","status-publish","format-standard","has-post-thumbnail","hentry","category-noticias"],"acf":[],"_links":{"self":[{"href":"https:\/\/www.crea-mt.org.br\/portal\/wp-json\/wp\/v2\/posts\/75354","targetHints":{"allow":["GET"]}}],"collection":[{"href":"https:\/\/www.crea-mt.org.br\/portal\/wp-json\/wp\/v2\/posts"}],"about":[{"href":"https:\/\/www.crea-mt.org.br\/portal\/wp-json\/wp\/v2\/types\/post"}],"author":[{"embeddable":true,"href":"https:\/\/www.crea-mt.org.br\/portal\/wp-json\/wp\/v2\/users\/2"}],"replies":[{"embeddable":true,"href":"https:\/\/www.crea-mt.org.br\/portal\/wp-json\/wp\/v2\/comments?post=75354"}],"version-history":[{"count":2,"href":"https:\/\/www.crea-mt.org.br\/portal\/wp-json\/wp\/v2\/posts\/75354\/revisions"}],"predecessor-version":[{"id":75363,"href":"https:\/\/www.crea-mt.org.br\/portal\/wp-json\/wp\/v2\/posts\/75354\/revisions\/75363"}],"wp:featuredmedia":[{"embeddable":true,"href":"https:\/\/www.crea-mt.org.br\/portal\/wp-json\/wp\/v2\/media\/75362"}],"wp:attachment":[{"href":"https:\/\/www.crea-mt.org.br\/portal\/wp-json\/wp\/v2\/media?parent=75354"}],"wp:term":[{"taxonomy":"category","embeddable":true,"href":"https:\/\/www.crea-mt.org.br\/portal\/wp-json\/wp\/v2\/categories?post=75354"},{"taxonomy":"post_tag","embeddable":true,"href":"https:\/\/www.crea-mt.org.br\/portal\/wp-json\/wp\/v2\/tags?post=75354"}],"curies":[{"name":"wp","href":"https:\/\/api.w.org\/{rel}","templated":true}]}}