{"id":75352,"date":"2026-09-03T14:00:24","date_gmt":"2026-09-03T18:00:24","guid":{"rendered":"https:\/\/www.crea-mt.org.br\/portal\/?p=75352"},"modified":"2026-09-03T17:21:15","modified_gmt":"2026-09-03T21:21:15","slug":"crea-mt-sediara-evento-sobre-recursos-hidricos-promovido-pela-camara-de-mecanica-metalurgica-geologia-e-minas","status":"publish","type":"post","link":"https:\/\/www.crea-mt.org.br\/portal\/crea-mt-sediara-evento-sobre-recursos-hidricos-promovido-pela-camara-de-mecanica-metalurgica-geologia-e-minas\/","title":{"rendered":"Crea-MT sediar\u00e1 evento sobre recursos h\u00eddricos promovido pela C\u00e2mara de Mec\u00e2nica, Metal\u00fargica, Geologia e Minas"},"content":{"rendered":"<p>&nbsp;<\/p>\n<p><img loading=\"lazy\" decoding=\"async\" class=\"aligncenter size-site-padrao wp-image-75364\" src=\"https:\/\/www.crea-mt.org.br\/portal\/wp-content\/uploads\/2026\/09\/WhatsApp_Image_2026-08-19_at_15.48.18-847x847.jpeg\" alt=\"\" width=\"847\" height=\"847\" srcset=\"https:\/\/www.crea-mt.org.br\/portal\/wp-content\/uploads\/2026\/09\/WhatsApp_Image_2026-08-19_at_15.48.18-847x847.jpeg 847w, https:\/\/www.crea-mt.org.br\/portal\/wp-content\/uploads\/2026\/09\/WhatsApp_Image_2026-08-19_at_15.48.18-768x768.jpeg 768w, https:\/\/www.crea-mt.org.br\/portal\/wp-content\/uploads\/2026\/09\/WhatsApp_Image_2026-08-19_at_15.48.18-543x543.jpeg 543w, https:\/\/www.crea-mt.org.br\/portal\/wp-content\/uploads\/2026\/09\/WhatsApp_Image_2026-08-19_at_15.48.18-336x336.jpeg 336w, https:\/\/www.crea-mt.org.br\/portal\/wp-content\/uploads\/2026\/09\/WhatsApp_Image_2026-08-19_at_15.48.18.jpeg 1254w\" sizes=\"auto, (max-width: 847px) 100vw, 847px\" \/><\/p>\n<p>&nbsp;<\/p>\n<p>A C\u00e2mara de Mec\u00e2nica, Metal\u00fargica, Geologia e Minas (CMGM) do Conselho Regional de Engenharia e Agronomia de Mato Grosso (Crea-MT), realiza na pr\u00f3xima sexta-feira (11) o evento gratuito &#8220;Recursos H\u00eddricos em Mato Grosso&#8221;.<\/p>\n<p>A programa\u00e7\u00e3o acontecer\u00e1 no audit\u00f3rio do Conselho, em Cuiab\u00e1, das 14h \u00e1s 18h e reunir\u00e1 profissionais e especialistas para discutir experi\u00eancia, estudos de caso, legisla\u00e7\u00e3o, gest\u00e3o e os desafios relacionados aos recursos h\u00eddricos no estado.<\/p>\n<p>O professor doutor Ibraim Fantin da Cruz da Universidade Federal de Mato Grosso ir\u00e1 ministrar a palestra &#8221; Seguran\u00e7a h\u00eddrica em a\u00e7\u00e3o: experi\u00eancias e estudos de caso&#8221;.<\/p>\n<p>Na sequ\u00eancia \u00e1s 15h, o engenheiro sanitarista Luiz Henrique Magalh\u00e3es Noquelli da superintend\u00eancia de recursos H\u00eddricos da Secretaria de Meio Ambiente de Mato Grosso (SEMA-MT), apresenta o tema &#8221; Status dos recursos h\u00eddricos em Mato Grosso&#8221;.<\/p>\n<p>\u00c0s 15h30 o professor doutor Caiubi Kuhn da Universidade Federal de Mato Groso (UFMT) e tamb\u00e9m conselheiro e vice-diretor administrativo do Crea-MT abordar\u00e1 sobre &#8220;Responsabilidade t\u00e9cnica na extra\u00e7\u00e3o de \u00e1gua subterr\u00e2nea&#8221;.<\/p>\n<p>A programa\u00e7\u00e3o tamb\u00e9m conta com uma mesa de debate sobre &#8220;Legisla\u00e7\u00e3o e gest\u00e3o dos recursos h\u00eddricos&#8221; conduzida pelo mestre Salatiel Alves de Ara\u00fajo e pelo ge\u00f3logo Vin\u00edcius Vieira.<\/p>\n<p>O encontro ser\u00e1 finalizado com um momento reservado para discuss\u00f5es dos participantes, seguido da finaliza\u00e7\u00e3o oficial prevista para \u00e0s 18h.<\/p>\n<h4>Texto: Assessoria de Comunica\u00e7\u00e3o do Crea-MT<\/h4>\n<p>&nbsp;<\/p>\n<p>&nbsp;<\/p>\n<p>&nbsp;<\/p>\n<p>&nbsp;<\/p>\n","protected":false},"excerpt":{"rendered":"<p>&nbsp; &nbsp; A C\u00e2mara de Mec\u00e2nica, Metal\u00fargica, Geologia e Minas (CMGM) do Conselho Regional de Engenharia e Agronomia de Mato Grosso (Crea-MT), realiza na pr\u00f3xima sexta-feira (11) o evento gratuito &#8220;Recursos H\u00eddricos em Mato Grosso&#8221;. A programa\u00e7\u00e3o acontecer\u00e1 no audit\u00f3rio do Conselho, em Cuiab\u00e1, das 14h \u00e1s 18h e reunir\u00e1 profissionais e especialistas para discutir [&hellip;]<\/p>\n","protected":false},"author":2,"featured_media":75364,"comment_status":"closed","ping_status":"closed","sticky":false,"template":"","format":"standard","meta":{"footnotes":""},"categories":[1],"tags":[],"class_list":["post-75352","post","type-post","status-publish","format-standard","has-post-thumbnail","hentry","category-noticias"],"acf":[],"_links":{"self":[{"href":"https:\/\/www.crea-mt.org.br\/portal\/wp-json\/wp\/v2\/posts\/75352","targetHints":{"allow":["GET"]}}],"collection":[{"href":"https:\/\/www.crea-mt.org.br\/portal\/wp-json\/wp\/v2\/posts"}],"about":[{"href":"https:\/\/www.crea-mt.org.br\/portal\/wp-json\/wp\/v2\/types\/post"}],"author":[{"embeddable":true,"href":"https:\/\/www.crea-mt.org.br\/portal\/wp-json\/wp\/v2\/users\/2"}],"replies":[{"embeddable":true,"href":"https:\/\/www.crea-mt.org.br\/portal\/wp-json\/wp\/v2\/comments?post=75352"}],"version-history":[{"count":3,"href":"https:\/\/www.crea-mt.org.br\/portal\/wp-json\/wp\/v2\/posts\/75352\/revisions"}],"predecessor-version":[{"id":75645,"href":"https:\/\/www.crea-mt.org.br\/portal\/wp-json\/wp\/v2\/posts\/75352\/revisions\/75645"}],"wp:featuredmedia":[{"embeddable":true,"href":"https:\/\/www.crea-mt.org.br\/portal\/wp-json\/wp\/v2\/media\/75364"}],"wp:attachment":[{"href":"https:\/\/www.crea-mt.org.br\/portal\/wp-json\/wp\/v2\/media?parent=75352"}],"wp:term":[{"taxonomy":"category","embeddable":true,"href":"https:\/\/www.crea-mt.org.br\/portal\/wp-json\/wp\/v2\/categories?post=75352"},{"taxonomy":"post_tag","embeddable":true,"href":"https:\/\/www.crea-mt.org.br\/portal\/wp-json\/wp\/v2\/tags?post=75352"}],"curies":[{"name":"wp","href":"https:\/\/api.w.org\/{rel}","templated":true}]}}