{"id":75260,"date":"2026-09-02T16:00:18","date_gmt":"2026-09-02T20:00:18","guid":{"rendered":"https:\/\/www.crea-mt.org.br\/portal\/?p=75260"},"modified":"2026-09-02T14:33:57","modified_gmt":"2026-09-02T18:33:57","slug":"amef-promove-ciclo-de-palestras-sobre-manejo-integrado-do-fogo-em-cuiaba","status":"publish","type":"post","link":"https:\/\/www.crea-mt.org.br\/portal\/amef-promove-ciclo-de-palestras-sobre-manejo-integrado-do-fogo-em-cuiaba\/","title":{"rendered":"AMEF promove ciclo de palestras sobre Manejo Integrado do Fogo em Cuiab\u00e1"},"content":{"rendered":"<p><img loading=\"lazy\" decoding=\"async\" class=\"aligncenter size-site-padrao wp-image-75267\" src=\"https:\/\/www.crea-mt.org.br\/portal\/wp-content\/uploads\/2026\/09\/ff-847x847.png\" alt=\"\" width=\"847\" height=\"847\" srcset=\"https:\/\/www.crea-mt.org.br\/portal\/wp-content\/uploads\/2026\/09\/ff-847x847.png 847w, https:\/\/www.crea-mt.org.br\/portal\/wp-content\/uploads\/2026\/09\/ff-768x768.png 768w, https:\/\/www.crea-mt.org.br\/portal\/wp-content\/uploads\/2026\/09\/ff-543x543.png 543w, https:\/\/www.crea-mt.org.br\/portal\/wp-content\/uploads\/2026\/09\/ff-336x336.png 336w, https:\/\/www.crea-mt.org.br\/portal\/wp-content\/uploads\/2026\/09\/ff.png 1254w\" sizes=\"auto, (max-width: 847px) 100vw, 847px\" \/><\/p>\n<p>&nbsp;<\/p>\n<p>A Associa\u00e7\u00e3o Mato-Grossense dos Engenheiros Florestais (AMEF) realizar\u00e1 no dia 16 de setembro, um ciclo de palestras sobre &#8220;Manejo Integrado do Fogo&#8221;. A iniciativa \u00e9 voltada para troca de experi\u00eancias e conhecimentos t\u00e9cnicos sobre planejamento, preven\u00e7\u00e3o, manejo e combate a inc\u00eandios florestais em Mato Grosso, muito comum em meses de julho a outubro por conta de altas temperaturas e clima seco. O evento conta com apoio do Conselho Regional de Engenharia e Agronomia de Mato Grosso (Crea-MT) e da M\u00fatua-MT, a Caixa de assist\u00eancia dos profissionais do Conselho.<\/p>\n<p>O evento ter\u00e1 modalidade h\u00edbrida (presencial e online). Para os interessados em participar presencialmente, o evento acontecer\u00e1 no audit\u00f3rio da FAMATO em Cuiab\u00e1, j\u00e1 na modalidade online, estar\u00e1 dispon\u00edvel ao vivo no canal da Famato no youtube, atrav\u00e9s do link https:\/\/www.youtube.com\/@SistemaFamato\/featured<\/p>\n<p>Durante o evento, v\u00e3o ser abordados temas relacionados ao territ\u00f3rio do estado, cen\u00e1rio de inc\u00eandios florestais e estrat\u00e9gias de manejo integrado do fogo.<\/p>\n<p>A abertura est\u00e1 prevista para iniciar \u00e1s 08h. Logo ap\u00f3s \u00e1s 08:30h o eng. florestal Paulo Mariotti, dar\u00e1 in\u00edcio a primeira palestra do ciclo, &#8220;Mato Grosso, medido todos os dias&#8221;. Na sequ\u00eancia, \u00e1s 09h o eng. florestal Jhonathan Jose Borell, apresenta sobre &#8220;NoFlame, Sistema de Monitoramento Focos de Inc\u00eandio&#8221;.<\/p>\n<p>\u00c1s 09:30h um representante do Corpo de Bombeiros Militar de Mato Grosso (CBM-MT), abordar\u00e1 \u201cInc\u00eandios Florestais em Mato Grosso\u201d. Ap\u00f3s o coffe break, a \u00faltima palestra da manh\u00e3, &#8220;Manejo Integrado do Fogo.&#8221; ser\u00e1 conduzida pelo eng. florestal Paulo Andr\u00e9 da Silva Barroso, especialista em inc\u00eandios florestarias e mestre em defesa e seguran\u00e7a civil.<\/p>\n<p>Antes da finaliza\u00e7\u00e3o prevista para \u00e1s 11:20h, os participantes v\u00e3o ter a chance de fazer questionamentos aos palestrantes.<\/p>\n<p>O evento \u00e9 gratuito e a inscri\u00e7\u00e3o pode ser feita no site da Famato ou clicando<a href=\"https:\/\/conteudo.sistemafamato.org.br\/manejo-integrado-do-fogo\"> aqui.<\/a><\/p>\n<h4>Texto: Assessoria de Comunica\u00e7\u00e3o do Crea-MT<\/h4>\n<p><strong>\u00a0<\/strong><\/p>\n","protected":false},"excerpt":{"rendered":"<p>&nbsp; A Associa\u00e7\u00e3o Mato-Grossense dos Engenheiros Florestais (AMEF) realizar\u00e1 no dia 16 de setembro, um ciclo de palestras sobre &#8220;Manejo Integrado do Fogo&#8221;. A iniciativa \u00e9 voltada para troca de experi\u00eancias e conhecimentos t\u00e9cnicos sobre planejamento, preven\u00e7\u00e3o, manejo e combate a inc\u00eandios florestais em Mato Grosso, muito comum em meses de julho a outubro por [&hellip;]<\/p>\n","protected":false},"author":2,"featured_media":75271,"comment_status":"closed","ping_status":"closed","sticky":false,"template":"","format":"standard","meta":{"footnotes":""},"categories":[1],"tags":[],"class_list":["post-75260","post","type-post","status-publish","format-standard","has-post-thumbnail","hentry","category-noticias"],"acf":[],"_links":{"self":[{"href":"https:\/\/www.crea-mt.org.br\/portal\/wp-json\/wp\/v2\/posts\/75260","targetHints":{"allow":["GET"]}}],"collection":[{"href":"https:\/\/www.crea-mt.org.br\/portal\/wp-json\/wp\/v2\/posts"}],"about":[{"href":"https:\/\/www.crea-mt.org.br\/portal\/wp-json\/wp\/v2\/types\/post"}],"author":[{"embeddable":true,"href":"https:\/\/www.crea-mt.org.br\/portal\/wp-json\/wp\/v2\/users\/2"}],"replies":[{"embeddable":true,"href":"https:\/\/www.crea-mt.org.br\/portal\/wp-json\/wp\/v2\/comments?post=75260"}],"version-history":[{"count":1,"href":"https:\/\/www.crea-mt.org.br\/portal\/wp-json\/wp\/v2\/posts\/75260\/revisions"}],"predecessor-version":[{"id":75274,"href":"https:\/\/www.crea-mt.org.br\/portal\/wp-json\/wp\/v2\/posts\/75260\/revisions\/75274"}],"wp:featuredmedia":[{"embeddable":true,"href":"https:\/\/www.crea-mt.org.br\/portal\/wp-json\/wp\/v2\/media\/75271"}],"wp:attachment":[{"href":"https:\/\/www.crea-mt.org.br\/portal\/wp-json\/wp\/v2\/media?parent=75260"}],"wp:term":[{"taxonomy":"category","embeddable":true,"href":"https:\/\/www.crea-mt.org.br\/portal\/wp-json\/wp\/v2\/categories?post=75260"},{"taxonomy":"post_tag","embeddable":true,"href":"https:\/\/www.crea-mt.org.br\/portal\/wp-json\/wp\/v2\/tags?post=75260"}],"curies":[{"name":"wp","href":"https:\/\/api.w.org\/{rel}","templated":true}]}}