{"id":75101,"date":"2026-09-02T13:33:32","date_gmt":"2026-09-02T17:33:32","guid":{"rendered":"https:\/\/www.crea-mt.org.br\/portal\/?p=75101"},"modified":"2026-09-02T13:34:27","modified_gmt":"2026-09-02T17:34:27","slug":"rondonopolis-recebera-1o-workshop-de-iniciacao-a-pericia-em-acidente-de-transito-promovido-pelo-ibape","status":"publish","type":"post","link":"https:\/\/www.crea-mt.org.br\/portal\/rondonopolis-recebera-1o-workshop-de-iniciacao-a-pericia-em-acidente-de-transito-promovido-pelo-ibape\/","title":{"rendered":"Rondon\u00f3polis receber\u00e1 1\u00ba Workshop de Inicia\u00e7\u00e3o \u00e0 Per\u00edcia em Acidente de Tr\u00e2nsito promovido pelo IBAPE"},"content":{"rendered":"<p><img loading=\"lazy\" decoding=\"async\" class=\"aligncenter size-site-padrao wp-image-75130\" src=\"https:\/\/www.crea-mt.org.br\/portal\/wp-content\/uploads\/2026\/09\/hddif-847x847.png\" alt=\"\" width=\"847\" height=\"847\" srcset=\"https:\/\/www.crea-mt.org.br\/portal\/wp-content\/uploads\/2026\/09\/hddif-847x847.png 847w, https:\/\/www.crea-mt.org.br\/portal\/wp-content\/uploads\/2026\/09\/hddif-768x768.png 768w, https:\/\/www.crea-mt.org.br\/portal\/wp-content\/uploads\/2026\/09\/hddif-543x543.png 543w, https:\/\/www.crea-mt.org.br\/portal\/wp-content\/uploads\/2026\/09\/hddif-336x336.png 336w, https:\/\/www.crea-mt.org.br\/portal\/wp-content\/uploads\/2026\/09\/hddif.png 1254w\" sizes=\"auto, (max-width: 847px) 100vw, 847px\" \/><\/p>\n<p>&nbsp;<\/p>\n<p>Rondon\u00f3polis receber\u00e1, no pr\u00f3ximo dia 10 de setembro, o 1\u00ba Workshop de Inicia\u00e7\u00e3o \u00e0 Per\u00edcia em Acidente de Tr\u00e2nsito. O evento \u00e9 realizado pelo Instituto Brasileiro de Avalia\u00e7\u00f5es e Per\u00edcias de Engenharia (IBAPE) e acontecer\u00e1 na Inspetoria do Conselho Regional de Engenharia e Agronomia de Mato Grosso (Crea-MT) no munic\u00edpio, das 18h \u00e0s 22h. A iniciativa busca reunir profissionais interessados em ampliar os conhecimentos t\u00e9cnicos sobre a \u00e1rea. O evento s\u00e9 realizado com apoio do Edital de Chamamento P\u00fablico n\u00b0001\/2026.<\/p>\n<p>Com o tema &#8220;Conhecimento t\u00e9cnico que salva vidas e faz a diferen\u00e7a na justi\u00e7a\u201d, o workshop ir\u00e1 abordar os aspectos relacionados \u00e0 per\u00edcia em acidentes de tr\u00e2nsito e \u00e0 sua import\u00e2ncia na atua\u00e7\u00e3o t\u00e9cnica de an\u00e1lise e investiga\u00e7\u00e3o dessas ocorr\u00eancias.<\/p>\n<p>A programa\u00e7\u00e3o contar\u00e1 com dois palestrantes, o engenheiro civil e de seguran\u00e7a do trabalho Ant\u00f4nio Ramos Correia, que tamb\u00e9m atua como perito e \u00e9 diretor t\u00e9cnico do IBAPE-MT, al\u00e9m do Dr. Lino Leite de Almeida, perito criminal, f\u00edsico, advogado, autor e editor.<\/p>\n<p>O 1\u00ba Workshop de Inicia\u00e7\u00e3o \u00e0 Per\u00edcia em Acidente de Tr\u00e2nsito tamb\u00e9m conta com o apoio e patroc\u00ednio de institui\u00e7\u00f5es parceiras.<\/p>\n<h3><strong>Edital de Chamamento P\u00fablico<\/strong><\/h3>\n<p>O evento ser\u00e1 realizado com recursos do Edital de Chamamento P\u00fablico n\u00ba 001\/2026, disponibilizado pelo Crea-MT. O edital tem como objetivo apoiar projetos desenvolvidos pelas entidades de classe registradas no conselho, fortalecendo a valoriza\u00e7\u00e3o profissional, a qualifica\u00e7\u00e3o t\u00e9cnica e o desenvolvimento das engenharias, agronomia e geoci\u00eancias em Mato Grosso.<\/p>\n<h4><strong>Texto: Assessoria de Comunica\u00e7\u00e3o do Crea-MT<\/strong><\/h4>\n<p>&nbsp;<\/p>\n<p>&nbsp;<\/p>\n<p>&nbsp;<\/p>\n<p>&nbsp;<\/p>\n<p>&nbsp;<\/p>\n<p><strong>\u00a0<\/strong><\/p>\n<p><strong>\u00a0<\/strong><\/p>\n<p><strong>\u00a0<\/strong><\/p>\n<p><strong>\u00a0<\/strong><\/p>\n<p><strong>\u00a0<\/strong><\/p>\n<p><strong>\u00a0<\/strong><\/p>\n<p><strong>\u00a0<\/strong><\/p>\n<p><strong>\u00a0<\/strong><\/p>\n<p><strong>\u00a0<\/strong><\/p>\n","protected":false},"excerpt":{"rendered":"<p>&nbsp; Rondon\u00f3polis receber\u00e1, no pr\u00f3ximo dia 10 de setembro, o 1\u00ba Workshop de Inicia\u00e7\u00e3o \u00e0 Per\u00edcia em Acidente de Tr\u00e2nsito. O evento \u00e9 realizado pelo Instituto Brasileiro de Avalia\u00e7\u00f5es e Per\u00edcias de Engenharia (IBAPE) e acontecer\u00e1 na Inspetoria do Conselho Regional de Engenharia e Agronomia de Mato Grosso (Crea-MT) no munic\u00edpio, das 18h \u00e0s 22h. [&hellip;]<\/p>\n","protected":false},"author":2,"featured_media":75153,"comment_status":"closed","ping_status":"closed","sticky":false,"template":"","format":"standard","meta":{"footnotes":""},"categories":[1],"tags":[],"class_list":["post-75101","post","type-post","status-publish","format-standard","has-post-thumbnail","hentry","category-noticias"],"acf":[],"_links":{"self":[{"href":"https:\/\/www.crea-mt.org.br\/portal\/wp-json\/wp\/v2\/posts\/75101","targetHints":{"allow":["GET"]}}],"collection":[{"href":"https:\/\/www.crea-mt.org.br\/portal\/wp-json\/wp\/v2\/posts"}],"about":[{"href":"https:\/\/www.crea-mt.org.br\/portal\/wp-json\/wp\/v2\/types\/post"}],"author":[{"embeddable":true,"href":"https:\/\/www.crea-mt.org.br\/portal\/wp-json\/wp\/v2\/users\/2"}],"replies":[{"embeddable":true,"href":"https:\/\/www.crea-mt.org.br\/portal\/wp-json\/wp\/v2\/comments?post=75101"}],"version-history":[{"count":1,"href":"https:\/\/www.crea-mt.org.br\/portal\/wp-json\/wp\/v2\/posts\/75101\/revisions"}],"predecessor-version":[{"id":75148,"href":"https:\/\/www.crea-mt.org.br\/portal\/wp-json\/wp\/v2\/posts\/75101\/revisions\/75148"}],"wp:featuredmedia":[{"embeddable":true,"href":"https:\/\/www.crea-mt.org.br\/portal\/wp-json\/wp\/v2\/media\/75153"}],"wp:attachment":[{"href":"https:\/\/www.crea-mt.org.br\/portal\/wp-json\/wp\/v2\/media?parent=75101"}],"wp:term":[{"taxonomy":"category","embeddable":true,"href":"https:\/\/www.crea-mt.org.br\/portal\/wp-json\/wp\/v2\/categories?post=75101"},{"taxonomy":"post_tag","embeddable":true,"href":"https:\/\/www.crea-mt.org.br\/portal\/wp-json\/wp\/v2\/tags?post=75101"}],"curies":[{"name":"wp","href":"https:\/\/api.w.org\/{rel}","templated":true}]}}