{"id":74908,"date":"2026-09-01T16:00:36","date_gmt":"2026-09-01T20:00:36","guid":{"rendered":"https:\/\/www.crea-mt.org.br\/portal\/?p=74908"},"modified":"2026-09-01T15:13:55","modified_gmt":"2026-09-01T19:13:55","slug":"palestra-realizada-pela-abenc-mt-aborda-o-uso-da-ia-no-gereciamento-de-obras","status":"publish","type":"post","link":"https:\/\/www.crea-mt.org.br\/portal\/palestra-realizada-pela-abenc-mt-aborda-o-uso-da-ia-no-gereciamento-de-obras\/","title":{"rendered":"Palestra realizada pela ABENC-MT aborda o uso da IA no gereciamento de obras"},"content":{"rendered":"<p>&nbsp;<\/p>\n<p><img loading=\"lazy\" decoding=\"async\" class=\"aligncenter size-site-padrao wp-image-74910\" src=\"https:\/\/www.crea-mt.org.br\/portal\/wp-content\/uploads\/2026\/08\/bff52ca4-5a5e-4fa0-b1c5-c991450b87b8-847x635.jpeg\" alt=\"\" width=\"847\" height=\"635\" srcset=\"https:\/\/www.crea-mt.org.br\/portal\/wp-content\/uploads\/2026\/08\/bff52ca4-5a5e-4fa0-b1c5-c991450b87b8-847x635.jpeg 847w, https:\/\/www.crea-mt.org.br\/portal\/wp-content\/uploads\/2026\/08\/bff52ca4-5a5e-4fa0-b1c5-c991450b87b8-768x576.jpeg 768w, https:\/\/www.crea-mt.org.br\/portal\/wp-content\/uploads\/2026\/08\/bff52ca4-5a5e-4fa0-b1c5-c991450b87b8-1536x1152.jpeg 1536w, https:\/\/www.crea-mt.org.br\/portal\/wp-content\/uploads\/2026\/08\/bff52ca4-5a5e-4fa0-b1c5-c991450b87b8-543x407.jpeg 543w, https:\/\/www.crea-mt.org.br\/portal\/wp-content\/uploads\/2026\/08\/bff52ca4-5a5e-4fa0-b1c5-c991450b87b8-336x252.jpeg 336w, https:\/\/www.crea-mt.org.br\/portal\/wp-content\/uploads\/2026\/08\/bff52ca4-5a5e-4fa0-b1c5-c991450b87b8.jpeg 1600w\" sizes=\"auto, (max-width: 847px) 100vw, 847px\" \/><\/p>\n<p>&nbsp;<\/p>\n<p>A Associa\u00e7\u00e3o Brasileira de Engenheiros Civis de Mato Grosso (ABENC-MT) promoveu na noite da \u00faltima quinta-feira (27), a palestra &#8220;Gerenciamento de Obras com uso de I.A&#8221; no Plen\u00e1rio da sede do Conselho Regional de Engenharia e Agronomia de Mato Grosso (Crea-MT), em Cuiab\u00e1.<\/p>\n<p>O evento reuniu engenheiros civis, gestores de obras, empres\u00e1rios da constru\u00e7\u00e3o civil e estudantes de engenheira para debater possibilidades e os avan\u00e7os da intelig\u00eancia artificial. Desde o planejamento e gerenciamento de empreendimentos do setor de engenheira civil.<\/p>\n<p>A palestra foi ministrada pelo engenheiro civil Rodrigo Moraes Fiacadori, que possui experi\u00eancia na \u00e1rea de engenharia e gest\u00e3o de projetos. Durante a noite, Rodrigo apresentou ferramentas e estrat\u00e9gias voltadas a aplica\u00e7\u00e3o dessa tecnologia no planejamento de obras, controle de custos, gest\u00e3o de equipes, produtividade e analise de riscos.<\/p>\n<p>&nbsp;<\/p>\n<figure id=\"attachment_74911\"  class=\"figure aligncenter\" style=\"width: 857px;\"><img loading=\"lazy\" decoding=\"async\" class=\"wp-image-74911 size-site-padrao\" src=\"https:\/\/www.crea-mt.org.br\/portal\/wp-content\/uploads\/2026\/08\/WhatsApp-Image-2026-08-31-at-11.43.31-847x635.jpeg\" alt=\"\" width=\"847\" height=\"635\" srcset=\"https:\/\/www.crea-mt.org.br\/portal\/wp-content\/uploads\/2026\/08\/WhatsApp-Image-2026-08-31-at-11.43.31-847x635.jpeg 847w, https:\/\/www.crea-mt.org.br\/portal\/wp-content\/uploads\/2026\/08\/WhatsApp-Image-2026-08-31-at-11.43.31-768x576.jpeg 768w, https:\/\/www.crea-mt.org.br\/portal\/wp-content\/uploads\/2026\/08\/WhatsApp-Image-2026-08-31-at-11.43.31-1536x1152.jpeg 1536w, https:\/\/www.crea-mt.org.br\/portal\/wp-content\/uploads\/2026\/08\/WhatsApp-Image-2026-08-31-at-11.43.31-543x407.jpeg 543w, https:\/\/www.crea-mt.org.br\/portal\/wp-content\/uploads\/2026\/08\/WhatsApp-Image-2026-08-31-at-11.43.31-336x252.jpeg 336w, https:\/\/www.crea-mt.org.br\/portal\/wp-content\/uploads\/2026\/08\/WhatsApp-Image-2026-08-31-at-11.43.31.jpeg 1600w\" sizes=\"auto, (max-width: 847px) 100vw, 847px\" \/><figcaption class=\"figure-caption\">Presidente da ABENC-MT, eng. civil C\u00e9lia Mazzer e o palestrante, eng. civil Rodrigo Moraes Fiacadori<\/figcaption><\/figure>\n<p>&nbsp;<\/p>\n<p>Al\u00e9m do compartilhamento de conhecimentos, o evento proporcionou um espa\u00e7o de conex\u00e3o entre os profissionais e as institui\u00e7\u00f5es que comp\u00f5em o setor, refor\u00e7ando a import\u00e2ncia do Sistema Crea, M\u00fatua e da ABENC no apoio, valoriza\u00e7\u00e3o e desenvolvimento da engenharia em Mato Grosso.<\/p>\n<h3>Edital de Chamamento P\u00fablico<\/h3>\n<p>O evento ser\u00e1 realizado com recursos do Edital de Chamamento P\u00fablico n\u00ba 001\/2026, disponibilizado pelo Crea-MT. O edital tem como objetivo apoiar projetos desenvolvidos pelas entidades de classe registradas no conselho, fortalecendo a valoriza\u00e7\u00e3o profissional, a qualifica\u00e7\u00e3o t\u00e9cnica e o desenvolvimento das engenharias, agronomia e geoci\u00eancias em Mato Grosso.<\/p>\n<h4 data-start=\"776\" data-end=\"976\">Texto: Assessoria de Comunica\u00e7\u00e3o do Crea-MT<\/h4>\n","protected":false},"excerpt":{"rendered":"<p>&nbsp; &nbsp; A Associa\u00e7\u00e3o Brasileira de Engenheiros Civis de Mato Grosso (ABENC-MT) promoveu na noite da \u00faltima quinta-feira (27), a palestra &#8220;Gerenciamento de Obras com uso de I.A&#8221; no Plen\u00e1rio da sede do Conselho Regional de Engenharia e Agronomia de Mato Grosso (Crea-MT), em Cuiab\u00e1. O evento reuniu engenheiros civis, gestores de obras, empres\u00e1rios da [&hellip;]<\/p>\n","protected":false},"author":2,"featured_media":74910,"comment_status":"closed","ping_status":"closed","sticky":false,"template":"","format":"standard","meta":{"footnotes":""},"categories":[1],"tags":[],"class_list":["post-74908","post","type-post","status-publish","format-standard","has-post-thumbnail","hentry","category-noticias"],"acf":[],"_links":{"self":[{"href":"https:\/\/www.crea-mt.org.br\/portal\/wp-json\/wp\/v2\/posts\/74908","targetHints":{"allow":["GET"]}}],"collection":[{"href":"https:\/\/www.crea-mt.org.br\/portal\/wp-json\/wp\/v2\/posts"}],"about":[{"href":"https:\/\/www.crea-mt.org.br\/portal\/wp-json\/wp\/v2\/types\/post"}],"author":[{"embeddable":true,"href":"https:\/\/www.crea-mt.org.br\/portal\/wp-json\/wp\/v2\/users\/2"}],"replies":[{"embeddable":true,"href":"https:\/\/www.crea-mt.org.br\/portal\/wp-json\/wp\/v2\/comments?post=74908"}],"version-history":[{"count":4,"href":"https:\/\/www.crea-mt.org.br\/portal\/wp-json\/wp\/v2\/posts\/74908\/revisions"}],"predecessor-version":[{"id":74931,"href":"https:\/\/www.crea-mt.org.br\/portal\/wp-json\/wp\/v2\/posts\/74908\/revisions\/74931"}],"wp:featuredmedia":[{"embeddable":true,"href":"https:\/\/www.crea-mt.org.br\/portal\/wp-json\/wp\/v2\/media\/74910"}],"wp:attachment":[{"href":"https:\/\/www.crea-mt.org.br\/portal\/wp-json\/wp\/v2\/media?parent=74908"}],"wp:term":[{"taxonomy":"category","embeddable":true,"href":"https:\/\/www.crea-mt.org.br\/portal\/wp-json\/wp\/v2\/categories?post=74908"},{"taxonomy":"post_tag","embeddable":true,"href":"https:\/\/www.crea-mt.org.br\/portal\/wp-json\/wp\/v2\/tags?post=74908"}],"curies":[{"name":"wp","href":"https:\/\/api.w.org\/{rel}","templated":true}]}}