{"id":74722,"date":"2026-08-31T10:23:07","date_gmt":"2026-08-31T14:23:07","guid":{"rendered":"https:\/\/www.crea-mt.org.br\/portal\/?p=74722"},"modified":"2026-08-31T10:37:21","modified_gmt":"2026-08-31T14:37:21","slug":"crea-mt-entrega-carteira-profissional-aos-formandos-de-engenharia-de-controle-e-automacao-eletrica-do-ifmt-cuiaba","status":"publish","type":"post","link":"https:\/\/www.crea-mt.org.br\/portal\/crea-mt-entrega-carteira-profissional-aos-formandos-de-engenharia-de-controle-e-automacao-eletrica-do-ifmt-cuiaba\/","title":{"rendered":"Crea-MT entrega carteira profissional aos formandos de engenharia de Controle e Automa\u00e7\u00e3o e engenharia El\u00e9trica do IFMT Cuiab\u00e1"},"content":{"rendered":"<p dir=\"ltr\"><img loading=\"lazy\" decoding=\"async\" class=\"aligncenter size-site-padrao wp-image-74740\" src=\"https:\/\/www.crea-mt.org.br\/portal\/wp-content\/uploads\/2026\/08\/IMG_8878-847x565.jpg\" alt=\"\" width=\"847\" height=\"565\" srcset=\"https:\/\/www.crea-mt.org.br\/portal\/wp-content\/uploads\/2026\/08\/IMG_8878-847x565.jpg 847w, https:\/\/www.crea-mt.org.br\/portal\/wp-content\/uploads\/2026\/08\/IMG_8878-768x512.jpg 768w, https:\/\/www.crea-mt.org.br\/portal\/wp-content\/uploads\/2026\/08\/IMG_8878-1536x1024.jpg 1536w, https:\/\/www.crea-mt.org.br\/portal\/wp-content\/uploads\/2026\/08\/IMG_8878-2048x1365.jpg 2048w, https:\/\/www.crea-mt.org.br\/portal\/wp-content\/uploads\/2026\/08\/IMG_8878-543x362.jpg 543w, https:\/\/www.crea-mt.org.br\/portal\/wp-content\/uploads\/2026\/08\/IMG_8878-336x224.jpg 336w\" sizes=\"auto, (max-width: 847px) 100vw, 847px\" \/><\/p>\n<p dir=\"ltr\">O Conselho Regional de Engenharia e Agronomia de Mato Grosso (Crea-MT) fez a entrega da carteira profissional aos formandos de Engenharia de Controle e Automa\u00e7\u00e3o e Engenharia El\u00e9trica Instituto Federal de Mato Grosso (IFMT) Cel. Octayde Jorge da Silva, Campus Cuiab\u00e1. O conselheiro eng. eletricista Matheus da Silveira representou o Conselho na cola\u00e7\u00e3o de grau realizada na quarta-feira (26), no audit\u00f3rio do Tribunal de Contas do Estado de Mato Grosso (TCE-MT).<\/p>\n<p dir=\"ltr\">Tamb\u00e9m receberam o diploma, formandos em Engenharia da Computa\u00e7\u00e3o, Licenciatura em Educa\u00e7\u00e3o F\u00edsica e Tecnologia em Redes de Computadores.<\/p>\n<figure id=\"attachment_74742\"  class=\"figure aligncenter\" style=\"width: 857px;\"><img loading=\"lazy\" decoding=\"async\" class=\"wp-image-74742 size-site-padrao\" src=\"https:\/\/www.crea-mt.org.br\/portal\/wp-content\/uploads\/2026\/08\/IMG_8829-847x565.jpg\" alt=\"\" width=\"847\" height=\"565\" srcset=\"https:\/\/www.crea-mt.org.br\/portal\/wp-content\/uploads\/2026\/08\/IMG_8829-847x565.jpg 847w, https:\/\/www.crea-mt.org.br\/portal\/wp-content\/uploads\/2026\/08\/IMG_8829-768x512.jpg 768w, https:\/\/www.crea-mt.org.br\/portal\/wp-content\/uploads\/2026\/08\/IMG_8829-1536x1024.jpg 1536w, https:\/\/www.crea-mt.org.br\/portal\/wp-content\/uploads\/2026\/08\/IMG_8829-2048x1365.jpg 2048w, https:\/\/www.crea-mt.org.br\/portal\/wp-content\/uploads\/2026\/08\/IMG_8829-543x362.jpg 543w, https:\/\/www.crea-mt.org.br\/portal\/wp-content\/uploads\/2026\/08\/IMG_8829-336x224.jpg 336w\" sizes=\"auto, (max-width: 847px) 100vw, 847px\" \/><figcaption class=\"figure-caption\">Professores dos cursos de eng. El\u00e9trica, eng. de Controle e Automa\u00e7\u00e3o e\u00a0 eng. da Computa\u00e7\u00e3o do IFMT | Foto: IFMT Cuiab\u00e1<\/figcaption><\/figure>\n<p dir=\"ltr\">Ao todo, colaram grau 12 engenheiros eletricistas e 7 engenheiros de controle e automa\u00e7\u00e3o.<\/p>\n<p dir=\"ltr\">Para o conselheiro Matheus da Silveira, a iniciativa aproxima cada vez mais o conselho de classe da institui\u00e7\u00e3o de ensino e valoriza os profissionais que agora passam a integrar o sistema. Ele destacou que, desde as primeiras turmas do curso de Engenharia El\u00e9trica, tem sido garantida a entrega das carteiras durante a solenidade, algo poss\u00edvel gra\u00e7as ao empenho dos coordenadores dos cursos e, sobretudo, dos servidores do Crea-MT, que trabalham para que a a\u00e7\u00e3o se concretize a cada formatura.<\/p>\n<figure id=\"attachment_74728\"  class=\"figure aligncenter\" style=\"width: 857px;\"><img loading=\"lazy\" decoding=\"async\" class=\"wp-image-74728 size-site-padrao\" src=\"https:\/\/www.crea-mt.org.br\/portal\/wp-content\/uploads\/2026\/08\/IMG_9008-847x565.jpg\" alt=\"\" width=\"847\" height=\"565\" srcset=\"https:\/\/www.crea-mt.org.br\/portal\/wp-content\/uploads\/2026\/08\/IMG_9008-847x565.jpg 847w, https:\/\/www.crea-mt.org.br\/portal\/wp-content\/uploads\/2026\/08\/IMG_9008-768x512.jpg 768w, https:\/\/www.crea-mt.org.br\/portal\/wp-content\/uploads\/2026\/08\/IMG_9008-1536x1024.jpg 1536w, https:\/\/www.crea-mt.org.br\/portal\/wp-content\/uploads\/2026\/08\/IMG_9008-2048x1365.jpg 2048w, https:\/\/www.crea-mt.org.br\/portal\/wp-content\/uploads\/2026\/08\/IMG_9008-543x362.jpg 543w, https:\/\/www.crea-mt.org.br\/portal\/wp-content\/uploads\/2026\/08\/IMG_9008-336x224.jpg 336w\" sizes=\"auto, (max-width: 847px) 100vw, 847px\" \/><figcaption class=\"figure-caption\">Foto: IFMT Cuiab\u00e1<\/figcaption><\/figure>\n<p dir=\"ltr\">\n<p dir=\"ltr\">O coordenador do curso de Engenharia El\u00e9trica do IFMT, Prof. Ruan Carlos Ramos da Silva, tamb\u00e9m ressaltou a import\u00e2ncia desse momento e da parceria com o conselho.<\/p>\n<p dir=\"ltr\">&#8220;\u00c9 uma satisfa\u00e7\u00e3o ver nossos alunos finalizarem uma jornada de cinco anos em uma cerim\u00f4nia t\u00e3o especial, na presen\u00e7a de seus familiares, e receberem a carteira profissional. O curso de Engenharia El\u00e9trica do IFMT s\u00f3 tem a agradecer a parceria e a aten\u00e7\u00e3o do Crea-MT, que sempre nos atendeu desde a primeira cola\u00e7\u00e3o de grau do curso&#8221;, afirmou.<\/p>\n<p dir=\"ltr\">Confira a Galeria de Fotos da cerim\u00f4nia <a href=\"https:\/\/www.crea-mt.org.br\/portal\/galerias\/entrega-da-carteira-profissional-a-formandos-de-engenharia-de-controle-e-automacao-eletrica-e-da-computacao-do-ifmt-cuiaba\/\">aqui<\/a>.<\/p>\n<p dir=\"ltr\">\n<figure id=\"attachment_74743\"  class=\"figure aligncenter\" style=\"width: 857px;\"><img loading=\"lazy\" decoding=\"async\" class=\"wp-image-74743 size-site-padrao\" src=\"https:\/\/www.crea-mt.org.br\/portal\/wp-content\/uploads\/2026\/08\/IMG_8819-847x565.jpg\" alt=\"\" width=\"847\" height=\"565\" srcset=\"https:\/\/www.crea-mt.org.br\/portal\/wp-content\/uploads\/2026\/08\/IMG_8819-847x565.jpg 847w, https:\/\/www.crea-mt.org.br\/portal\/wp-content\/uploads\/2026\/08\/IMG_8819-768x512.jpg 768w, https:\/\/www.crea-mt.org.br\/portal\/wp-content\/uploads\/2026\/08\/IMG_8819-1536x1024.jpg 1536w, https:\/\/www.crea-mt.org.br\/portal\/wp-content\/uploads\/2026\/08\/IMG_8819-2048x1365.jpg 2048w, https:\/\/www.crea-mt.org.br\/portal\/wp-content\/uploads\/2026\/08\/IMG_8819-543x362.jpg 543w, https:\/\/www.crea-mt.org.br\/portal\/wp-content\/uploads\/2026\/08\/IMG_8819-336x224.jpg 336w\" sizes=\"auto, (max-width: 847px) 100vw, 847px\" \/><figcaption class=\"figure-caption\">Formandos de Engenharia El\u00e9trica do IFMT Cuiab\u00e1 | Foto: IFMT Cuiab\u00e1<\/figcaption><\/figure>\n<h4 dir=\"ltr\"><\/h4>\n<h4 dir=\"ltr\">Texto: Assessoria de Comunica\u00e7\u00e3o do Crea-MT<\/h4>\n","protected":false},"excerpt":{"rendered":"<p>O Conselho Regional de Engenharia e Agronomia de Mato Grosso (Crea-MT) fez a entrega da carteira profissional aos formandos de Engenharia de Controle e Automa\u00e7\u00e3o e Engenharia El\u00e9trica Instituto Federal de Mato Grosso (IFMT) Cel. Octayde Jorge da Silva, Campus Cuiab\u00e1. O conselheiro eng. eletricista Matheus da Silveira representou o Conselho na cola\u00e7\u00e3o de grau [&hellip;]<\/p>\n","protected":false},"author":2,"featured_media":74726,"comment_status":"closed","ping_status":"closed","sticky":false,"template":"","format":"standard","meta":{"footnotes":""},"categories":[1],"tags":[],"class_list":["post-74722","post","type-post","status-publish","format-standard","has-post-thumbnail","hentry","category-noticias"],"acf":[],"_links":{"self":[{"href":"https:\/\/www.crea-mt.org.br\/portal\/wp-json\/wp\/v2\/posts\/74722","targetHints":{"allow":["GET"]}}],"collection":[{"href":"https:\/\/www.crea-mt.org.br\/portal\/wp-json\/wp\/v2\/posts"}],"about":[{"href":"https:\/\/www.crea-mt.org.br\/portal\/wp-json\/wp\/v2\/types\/post"}],"author":[{"embeddable":true,"href":"https:\/\/www.crea-mt.org.br\/portal\/wp-json\/wp\/v2\/users\/2"}],"replies":[{"embeddable":true,"href":"https:\/\/www.crea-mt.org.br\/portal\/wp-json\/wp\/v2\/comments?post=74722"}],"version-history":[{"count":9,"href":"https:\/\/www.crea-mt.org.br\/portal\/wp-json\/wp\/v2\/posts\/74722\/revisions"}],"predecessor-version":[{"id":74752,"href":"https:\/\/www.crea-mt.org.br\/portal\/wp-json\/wp\/v2\/posts\/74722\/revisions\/74752"}],"wp:featuredmedia":[{"embeddable":true,"href":"https:\/\/www.crea-mt.org.br\/portal\/wp-json\/wp\/v2\/media\/74726"}],"wp:attachment":[{"href":"https:\/\/www.crea-mt.org.br\/portal\/wp-json\/wp\/v2\/media?parent=74722"}],"wp:term":[{"taxonomy":"category","embeddable":true,"href":"https:\/\/www.crea-mt.org.br\/portal\/wp-json\/wp\/v2\/categories?post=74722"},{"taxonomy":"post_tag","embeddable":true,"href":"https:\/\/www.crea-mt.org.br\/portal\/wp-json\/wp\/v2\/tags?post=74722"}],"curies":[{"name":"wp","href":"https:\/\/api.w.org\/{rel}","templated":true}]}}