{"id":74717,"date":"2026-08-31T09:57:21","date_gmt":"2026-08-31T13:57:21","guid":{"rendered":"https:\/\/www.crea-mt.org.br\/portal\/?p=74717"},"modified":"2026-08-31T09:57:21","modified_gmt":"2026-08-31T13:57:21","slug":"crea-mt-presta-homenagem-a-profissionais-pelos-relevantes-servicos-prestados-ao-estado-e-ao-sistema-confea-crea-e-mutua","status":"publish","type":"post","link":"https:\/\/www.crea-mt.org.br\/portal\/crea-mt-presta-homenagem-a-profissionais-pelos-relevantes-servicos-prestados-ao-estado-e-ao-sistema-confea-crea-e-mutua\/","title":{"rendered":"Crea-MT presta homenagem a profissionais pelos relevantes servi\u00e7os prestados ao estado e ao Sistema Confea\/Crea e M\u00fatua"},"content":{"rendered":"<p data-prosemirror-content-type=\"node\" data-prosemirror-node-name=\"paragraph\" data-prosemirror-node-block=\"true\" data-pm-slice=\"1 3 []\"><img loading=\"lazy\" decoding=\"async\" class=\"aligncenter size-site-padrao wp-image-74720\" src=\"https:\/\/www.crea-mt.org.br\/portal\/wp-content\/uploads\/2026\/08\/WhatsApp-Image-2026-05-14-at-11.47.11-847x635.jpeg\" alt=\"\" width=\"847\" height=\"635\" srcset=\"https:\/\/www.crea-mt.org.br\/portal\/wp-content\/uploads\/2026\/08\/WhatsApp-Image-2026-05-14-at-11.47.11-847x635.jpeg 847w, https:\/\/www.crea-mt.org.br\/portal\/wp-content\/uploads\/2026\/08\/WhatsApp-Image-2026-05-14-at-11.47.11-768x576.jpeg 768w, https:\/\/www.crea-mt.org.br\/portal\/wp-content\/uploads\/2026\/08\/WhatsApp-Image-2026-05-14-at-11.47.11-543x407.jpeg 543w, https:\/\/www.crea-mt.org.br\/portal\/wp-content\/uploads\/2026\/08\/WhatsApp-Image-2026-05-14-at-11.47.11-336x252.jpeg 336w, https:\/\/www.crea-mt.org.br\/portal\/wp-content\/uploads\/2026\/08\/WhatsApp-Image-2026-05-14-at-11.47.11.jpeg 1280w\" sizes=\"auto, (max-width: 847px) 100vw, 847px\" \/><\/p>\n<p data-prosemirror-content-type=\"node\" data-prosemirror-node-name=\"paragraph\" data-prosemirror-node-block=\"true\" data-pm-slice=\"1 3 []\">\n<p data-prosemirror-content-type=\"node\" data-prosemirror-node-name=\"paragraph\" data-prosemirror-node-block=\"true\" data-pm-slice=\"1 3 []\">O Conselho Regional de Engenharia e Agronomia de Mato Grosso (Crea-MT) prestar\u00e1 homenagens a profissionais da engenharia, agronomia e geoci\u00eancias pelos relevantes servi\u00e7os prestados ao estado e ao Sistema Confea\/Crea e M\u00fatua. As solenidades ser\u00e3o realizadas nesta ter\u00e7a-feira (1\u00b0) em Campo Novo do Parecis, quarta-feira (2) em Juara e quinta-feira (3) em Ju\u00edna. Os eventos tamb\u00e9m celebram a conclus\u00e3o de reformas feitas nas inspetorias dos munic\u00edpios para uma melhor qualidade dos servi\u00e7os prestados aos profissionais do Sistema.<\/p>\n<p data-prosemirror-content-type=\"node\" data-prosemirror-node-name=\"paragraph\" data-prosemirror-node-block=\"true\" data-pm-slice=\"1 3 []\">Em Campo Novo do Parecis, a inspetoria receber\u00e1 o nome do eng. civil Mauro Valter Berft, que tamb\u00e9m \u00e9 ex-prefeito do munic\u00edpio e faleceu em 2020. J\u00e1 o audit\u00f3rio receber\u00e1 o nome do eng. eletricista e de seg. do trabalho Joeval Gusm\u00e3o da Rosa, ex-conselheiro do Crea-MT. A solenidade iniciar\u00e1 \u00e0s 19h. Tamb\u00e9ram ser\u00e3o homenageados os seguintes profissionais:<\/p>\n<ul class=\"ak-ul\" data-prosemirror-content-type=\"node\" data-prosemirror-node-name=\"bulletList\" data-prosemirror-node-block=\"true\">\n<li data-prosemirror-content-type=\"node\" data-prosemirror-node-name=\"listItem\" data-prosemirror-node-block=\"true\">\n<p data-prosemirror-content-type=\"node\" data-prosemirror-node-name=\"paragraph\" data-prosemirror-node-block=\"true\">Eng. civil e de seg. do trabalho Luiz Ricardo Bernardi Brum<\/p>\n<\/li>\n<li data-prosemirror-content-type=\"node\" data-prosemirror-node-name=\"listItem\" data-prosemirror-node-block=\"true\">\n<p data-prosemirror-content-type=\"node\" data-prosemirror-node-name=\"paragraph\" data-prosemirror-node-block=\"true\">Eng. de produ\u00e7\u00e3o, agr\u00f4nomo e de seg. do trabalho\u00a0Eladio Ant\u00f4nio Both<\/p>\n<\/li>\n<li data-prosemirror-content-type=\"node\" data-prosemirror-node-name=\"listItem\" data-prosemirror-node-block=\"true\">\n<p data-prosemirror-content-type=\"node\" data-prosemirror-node-name=\"paragraph\" data-prosemirror-node-block=\"true\">Eng. agr\u00f4nomo Fernando Lopes de Carvalho Carneiro<\/p>\n<\/li>\n<li data-prosemirror-content-type=\"node\" data-prosemirror-node-name=\"listItem\" data-prosemirror-node-block=\"true\">\n<p data-prosemirror-content-type=\"node\" data-prosemirror-node-name=\"paragraph\" data-prosemirror-node-block=\"true\">Eng. agr\u00f4nomo e de seg. do trabalho Hurben Fernando dos Santos<\/p>\n<\/li>\n<li data-prosemirror-content-type=\"node\" data-prosemirror-node-name=\"listItem\" data-prosemirror-node-block=\"true\">\n<p data-prosemirror-content-type=\"node\" data-prosemirror-node-name=\"paragraph\" data-prosemirror-node-block=\"true\">Eng. ambiental Maristela Zanetti<\/p>\n<\/li>\n<li data-prosemirror-content-type=\"node\" data-prosemirror-node-name=\"listItem\" data-prosemirror-node-block=\"true\">\n<p data-prosemirror-content-type=\"node\" data-prosemirror-node-name=\"paragraph\" data-prosemirror-node-block=\"true\">Eng. agr\u00f4noma Silvia Garcia Bolonhesi<\/p>\n<\/li>\n<\/ul>\n<p data-prosemirror-content-type=\"node\" data-prosemirror-node-name=\"paragraph\" data-prosemirror-node-block=\"true\">J\u00e1 em Juara, a solenidade ser\u00e1 realizada na ter\u00e7a-feira (2), \u00e0s 19h. O audit\u00f3rio da inspetoria foi reformado e receber\u00e1 o nome do eng. eletricista e de seg. do trabalho Wirlisbeste Salvador Cavallari. Outros cinco profissionais e duas empresas tamb\u00e9m ser\u00e3o homenageados:<\/p>\n<ul class=\"ak-ul\" data-prosemirror-content-type=\"node\" data-prosemirror-node-name=\"bulletList\" data-prosemirror-node-block=\"true\">\n<li data-prosemirror-content-type=\"node\" data-prosemirror-node-name=\"listItem\" data-prosemirror-node-block=\"true\">\n<p data-prosemirror-content-type=\"node\" data-prosemirror-node-name=\"paragraph\" data-prosemirror-node-block=\"true\">Eng. civil Evelin Luani Montagna<\/p>\n<\/li>\n<li data-prosemirror-content-type=\"node\" data-prosemirror-node-name=\"listItem\" data-prosemirror-node-block=\"true\">\n<p data-prosemirror-content-type=\"node\" data-prosemirror-node-name=\"paragraph\" data-prosemirror-node-block=\"true\">Eng. civil Daiane Michelle Mateus<\/p>\n<\/li>\n<li data-prosemirror-content-type=\"node\" data-prosemirror-node-name=\"listItem\" data-prosemirror-node-block=\"true\">\n<p data-prosemirror-content-type=\"node\" data-prosemirror-node-name=\"paragraph\" data-prosemirror-node-block=\"true\">Eng. florestal Mateus Romagna<\/p>\n<\/li>\n<li data-prosemirror-content-type=\"node\" data-prosemirror-node-name=\"listItem\" data-prosemirror-node-block=\"true\">\n<p data-prosemirror-content-type=\"node\" data-prosemirror-node-name=\"paragraph\" data-prosemirror-node-block=\"true\">Eng. civil Wilson Kosloski<\/p>\n<\/li>\n<li data-prosemirror-content-type=\"node\" data-prosemirror-node-name=\"listItem\" data-prosemirror-node-block=\"true\">\n<p data-prosemirror-content-type=\"node\" data-prosemirror-node-name=\"paragraph\" data-prosemirror-node-block=\"true\">Eng. civil e de seg. do trabalho Newton Toledo Bressan Junior<\/p>\n<\/li>\n<\/ul>\n<p data-prosemirror-content-type=\"node\" data-prosemirror-node-name=\"paragraph\" data-prosemirror-node-block=\"true\">Empresas:<\/p>\n<ul class=\"ak-ul\" data-prosemirror-content-type=\"node\" data-prosemirror-node-name=\"bulletList\" data-prosemirror-node-block=\"true\">\n<li data-prosemirror-content-type=\"node\" data-prosemirror-node-name=\"listItem\" data-prosemirror-node-block=\"true\">\n<p data-prosemirror-content-type=\"node\" data-prosemirror-node-name=\"paragraph\" data-prosemirror-node-block=\"true\">Calabria<\/p>\n<\/li>\n<li data-prosemirror-content-type=\"node\" data-prosemirror-node-name=\"listItem\" data-prosemirror-node-block=\"true\">\n<p data-prosemirror-content-type=\"node\" data-prosemirror-node-name=\"paragraph\" data-prosemirror-node-block=\"true\">Agroverde<\/p>\n<\/li>\n<\/ul>\n<p>Em Ju\u00edna, quatro profissionais tamb\u00e9m ser\u00e3o homenageados. O evento tem in\u00edcio \u00e0s 19h, na quinta-feira (3).<\/p>\n<ul class=\"ak-ul\" data-prosemirror-content-type=\"node\" data-prosemirror-node-name=\"bulletList\" data-prosemirror-node-block=\"true\">\n<li data-prosemirror-content-type=\"node\" data-prosemirror-node-name=\"listItem\" data-prosemirror-node-block=\"true\">\n<p data-prosemirror-content-type=\"node\" data-prosemirror-node-name=\"paragraph\" data-prosemirror-node-block=\"true\">Eng. de pesca, civil e de seg. do trabalho Edionei Maico Fries<\/p>\n<\/li>\n<li data-prosemirror-content-type=\"node\" data-prosemirror-node-name=\"listItem\" data-prosemirror-node-block=\"true\">\n<p data-prosemirror-content-type=\"node\" data-prosemirror-node-name=\"paragraph\" data-prosemirror-node-block=\"true\">Eng. civil e de seg do trabalho Bruna de Borba Silva<\/p>\n<\/li>\n<li data-prosemirror-content-type=\"node\" data-prosemirror-node-name=\"listItem\" data-prosemirror-node-block=\"true\">\n<p data-prosemirror-content-type=\"node\" data-prosemirror-node-name=\"paragraph\" data-prosemirror-node-block=\"true\">Eng. florestal e de seg. do trabalho Diogo Geronimo Schielke Loffi<\/p>\n<\/li>\n<li data-prosemirror-content-type=\"node\" data-prosemirror-node-name=\"listItem\" data-prosemirror-node-block=\"true\">\n<p data-prosemirror-content-type=\"node\" data-prosemirror-node-name=\"paragraph\" data-prosemirror-node-block=\"true\">Eng. agr\u00f4nomo Adalberto Rodrigues Junior<\/p>\n<\/li>\n<\/ul>\n<p>&nbsp;<\/p>\n<p>&nbsp;<\/p>\n<h4>Texto: Assessoria de Comunica\u00e7\u00e3o do Crea-MT<\/h4>\n","protected":false},"excerpt":{"rendered":"<p>O Conselho Regional de Engenharia e Agronomia de Mato Grosso (Crea-MT) prestar\u00e1 homenagens a profissionais da engenharia, agronomia e geoci\u00eancias pelos relevantes servi\u00e7os prestados ao estado e ao Sistema Confea\/Crea e M\u00fatua. As solenidades ser\u00e3o realizadas nesta ter\u00e7a-feira (1\u00b0) em Campo Novo do Parecis, quarta-feira (2) em Juara e quinta-feira (3) em Ju\u00edna. Os eventos [&hellip;]<\/p>\n","protected":false},"author":2,"featured_media":74720,"comment_status":"closed","ping_status":"closed","sticky":false,"template":"","format":"standard","meta":{"footnotes":""},"categories":[1],"tags":[],"class_list":["post-74717","post","type-post","status-publish","format-standard","has-post-thumbnail","hentry","category-noticias"],"acf":[],"_links":{"self":[{"href":"https:\/\/www.crea-mt.org.br\/portal\/wp-json\/wp\/v2\/posts\/74717","targetHints":{"allow":["GET"]}}],"collection":[{"href":"https:\/\/www.crea-mt.org.br\/portal\/wp-json\/wp\/v2\/posts"}],"about":[{"href":"https:\/\/www.crea-mt.org.br\/portal\/wp-json\/wp\/v2\/types\/post"}],"author":[{"embeddable":true,"href":"https:\/\/www.crea-mt.org.br\/portal\/wp-json\/wp\/v2\/users\/2"}],"replies":[{"embeddable":true,"href":"https:\/\/www.crea-mt.org.br\/portal\/wp-json\/wp\/v2\/comments?post=74717"}],"version-history":[{"count":2,"href":"https:\/\/www.crea-mt.org.br\/portal\/wp-json\/wp\/v2\/posts\/74717\/revisions"}],"predecessor-version":[{"id":74721,"href":"https:\/\/www.crea-mt.org.br\/portal\/wp-json\/wp\/v2\/posts\/74717\/revisions\/74721"}],"wp:featuredmedia":[{"embeddable":true,"href":"https:\/\/www.crea-mt.org.br\/portal\/wp-json\/wp\/v2\/media\/74720"}],"wp:attachment":[{"href":"https:\/\/www.crea-mt.org.br\/portal\/wp-json\/wp\/v2\/media?parent=74717"}],"wp:term":[{"taxonomy":"category","embeddable":true,"href":"https:\/\/www.crea-mt.org.br\/portal\/wp-json\/wp\/v2\/categories?post=74717"},{"taxonomy":"post_tag","embeddable":true,"href":"https:\/\/www.crea-mt.org.br\/portal\/wp-json\/wp\/v2\/tags?post=74717"}],"curies":[{"name":"wp","href":"https:\/\/api.w.org\/{rel}","templated":true}]}}