{"id":74619,"date":"2026-09-01T12:05:14","date_gmt":"2026-09-01T16:05:14","guid":{"rendered":"https:\/\/www.crea-mt.org.br\/portal\/?p=74619"},"modified":"2026-09-01T12:05:14","modified_gmt":"2026-09-01T16:05:14","slug":"amec-realiza-a-palestra-como-vender-o-seu-projeto-em-primavera-do-leste","status":"publish","type":"post","link":"https:\/\/www.crea-mt.org.br\/portal\/amec-realiza-a-palestra-como-vender-o-seu-projeto-em-primavera-do-leste\/","title":{"rendered":"AMEC realiza a palestra \u201cComo vender o seu projeto\u201d em Primavera do Leste"},"content":{"rendered":"<p><img loading=\"lazy\" decoding=\"async\" class=\"aligncenter size-site-padrao wp-image-74616\" src=\"https:\/\/www.crea-mt.org.br\/portal\/wp-content\/uploads\/2026\/08\/IMG_9999-847x565.jpg\" alt=\"\" width=\"847\" height=\"565\" srcset=\"https:\/\/www.crea-mt.org.br\/portal\/wp-content\/uploads\/2026\/08\/IMG_9999-847x565.jpg 847w, https:\/\/www.crea-mt.org.br\/portal\/wp-content\/uploads\/2026\/08\/IMG_9999-768x512.jpg 768w, https:\/\/www.crea-mt.org.br\/portal\/wp-content\/uploads\/2026\/08\/IMG_9999-1536x1024.jpg 1536w, https:\/\/www.crea-mt.org.br\/portal\/wp-content\/uploads\/2026\/08\/IMG_9999-2048x1365.jpg 2048w, https:\/\/www.crea-mt.org.br\/portal\/wp-content\/uploads\/2026\/08\/IMG_9999-543x362.jpg 543w, https:\/\/www.crea-mt.org.br\/portal\/wp-content\/uploads\/2026\/08\/IMG_9999-336x224.jpg 336w\" sizes=\"auto, (max-width: 847px) 100vw, 847px\" \/><\/p>\n<p>&nbsp;<\/p>\n<p>Ap\u00f3s a <a href=\"https:\/\/www.crea-mt.org.br\/portal\/amec-reune-profissionais-em-palestra-sobre-tecnicas-e-estrategias-para-agregar-valor-a-projetos\/\">primeira edi\u00e7\u00e3o realizada em Cuiab\u00e1<\/a> no dia 18 de junho, a palestra &#8220;Como vender o seu projeto &#8211; muito al\u00e9m da planta baixa&#8221; chegou em Primavera do Leste. O evento ocorreu na \u00faltima sexta-feira (21) na Faculdade Anhanguera e reuniu profissionais e estudantes da \u00e1rea de engenharia e segmentos relacionados. O evento foi realizado com recursos do Edital de Chamamento P\u00fablico n\u00ba 001\/2026.<\/p>\n<p>A palestra foi promovida pela Associa\u00e7\u00e3o Mato-Grossense de Engenheiros Civis (AMEC) e foi ministrada pelo eng. civil Andr\u00e9 Schuring, que compartilhou conhecimentos e estrat\u00e9gias para profissionais que desejam aprimorar a forma como apresentam e comercializam seus projetos.<\/p>\n<p>&nbsp;<\/p>\n<figure id=\"attachment_74612\"  class=\"figure aligncenter\" style=\"width: 665px;\"><img loading=\"lazy\" decoding=\"async\" class=\"wp-image-74612\" src=\"https:\/\/www.crea-mt.org.br\/portal\/wp-content\/uploads\/2026\/08\/IMG_9995-847x565.jpg\" alt=\"\" width=\"655\" height=\"437\" srcset=\"https:\/\/www.crea-mt.org.br\/portal\/wp-content\/uploads\/2026\/08\/IMG_9995-847x565.jpg 847w, https:\/\/www.crea-mt.org.br\/portal\/wp-content\/uploads\/2026\/08\/IMG_9995-768x512.jpg 768w, https:\/\/www.crea-mt.org.br\/portal\/wp-content\/uploads\/2026\/08\/IMG_9995-1536x1024.jpg 1536w, https:\/\/www.crea-mt.org.br\/portal\/wp-content\/uploads\/2026\/08\/IMG_9995-2048x1365.jpg 2048w, https:\/\/www.crea-mt.org.br\/portal\/wp-content\/uploads\/2026\/08\/IMG_9995-543x362.jpg 543w, https:\/\/www.crea-mt.org.br\/portal\/wp-content\/uploads\/2026\/08\/IMG_9995-336x224.jpg 336w\" sizes=\"auto, (max-width: 655px) 100vw, 655px\" \/><figcaption class=\"figure-caption\">Palestra &#8220;Como vender o seu projeto &#8211; muito al\u00e9m da planta baixa&#8221; com o Palestrante eng. civil-estrutural Andr\u00e9 Schurig<\/figcaption><\/figure>\n<p>&nbsp;<\/p>\n<p>Durante o evento, foram abordados temas relacionados \u00e1 plantas humanizadas, renderiza\u00e7\u00e3o realista, layout de m\u00f3veis, aproveitamento de espa\u00e7os e experi\u00eancia do cliente.<\/p>\n<p>O objetivo foi demostrar que o trabalho do profissional vai al\u00e9m da elabora\u00e7\u00e3o da planta baixa, mas tamb\u00e9m destacando a import\u00e2ncia de apresentar o projeto de forma que atraia o cliente, alinhado as necessidades dele.<\/p>\n<p>Para eng. civil Adriana Imbriani, presidente da AMEC, o conhecimento t\u00e9cnico precisa estar alinhado tamb\u00e9m a capacidade de comunicar e demostrar o valor de um projeto ao cliente. E que muitos profissionais possuem projetos excelentes, mas enfrentam difuculdades para que o p\u00fablico perceba o real valor do que ser\u00e1 oferecido.<\/p>\n<p>&#8220;Voc\u00ea pode ter o melhor projeto da sala, mas se n\u00e3o souber explicar por que ele \u00e9 importante, qual problema ele resolve e quais resultados pode trazer, talvez outra pessoa, com uma ideia at\u00e9 mais simples, consiga conquistar a oportunidade&#8221;, disse.<\/p>\n<p>&nbsp;<\/p>\n<p><img loading=\"lazy\" decoding=\"async\" class=\"aligncenter size-site-padrao wp-image-74608\" src=\"https:\/\/www.crea-mt.org.br\/portal\/wp-content\/uploads\/2026\/08\/IMG_9990-847x565.jpg\" alt=\"\" width=\"847\" height=\"565\" srcset=\"https:\/\/www.crea-mt.org.br\/portal\/wp-content\/uploads\/2026\/08\/IMG_9990-847x565.jpg 847w, https:\/\/www.crea-mt.org.br\/portal\/wp-content\/uploads\/2026\/08\/IMG_9990-768x512.jpg 768w, https:\/\/www.crea-mt.org.br\/portal\/wp-content\/uploads\/2026\/08\/IMG_9990-1536x1024.jpg 1536w, https:\/\/www.crea-mt.org.br\/portal\/wp-content\/uploads\/2026\/08\/IMG_9990-2048x1365.jpg 2048w, https:\/\/www.crea-mt.org.br\/portal\/wp-content\/uploads\/2026\/08\/IMG_9990-543x362.jpg 543w, https:\/\/www.crea-mt.org.br\/portal\/wp-content\/uploads\/2026\/08\/IMG_9990-336x224.jpg 336w\" sizes=\"auto, (max-width: 847px) 100vw, 847px\" \/><\/p>\n<p>&nbsp;<\/p>\n<p>Para representar o Conselho Regional de Engenharia e Agronomia de Mato Grosso, estiveram presentes os inspetores do munic\u00edpio de Primavera do Leste. O inspetor chefe, o eng. mec\u00e2nico Marcos de Sousa e Silva e o inspetor adjunto, eng. civil Bruno Bento de Souza.<\/p>\n<p>Confira galeria de fotos do evento<a href=\"https:\/\/www.crea-mt.org.br\/portal\/galerias\/apos-cuiaba-palestra-como-vender-o-seu-projeto-e-realizada-em-primavera-do-leste\/\"> aqui.<\/a><\/p>\n<h3>Edital de Chamamento P\u00fablico<\/h3>\n<p>O evento foi realizado com recursos do Edital de Chamamento P\u00fablico n\u00ba 001\/2026, disponibilizados pelo Crea-MT. O edital tem como objetivo apoiar projetos desenvolvidos pelas entidades de classe registradas no conselho, fortalecendo a valoriza\u00e7\u00e3o profissional, a qualifica\u00e7\u00e3o t\u00e9cnica e o desenvolvimento das engenharias, agronomia e geoci\u00eancias em Mato Grosso.<\/p>\n<p>&nbsp;<\/p>\n<h4>Texto: Assessoria de Comunica\u00e7\u00e3o do Crea-MT<\/h4>\n","protected":false},"excerpt":{"rendered":"<p>&nbsp; Ap\u00f3s a primeira edi\u00e7\u00e3o realizada em Cuiab\u00e1 no dia 18 de junho, a palestra &#8220;Como vender o seu projeto &#8211; muito al\u00e9m da planta baixa&#8221; chegou em Primavera do Leste. O evento ocorreu na \u00faltima sexta-feira (21) na Faculdade Anhanguera e reuniu profissionais e estudantes da \u00e1rea de engenharia e segmentos relacionados. O evento [&hellip;]<\/p>\n","protected":false},"author":2,"featured_media":74914,"comment_status":"closed","ping_status":"closed","sticky":false,"template":"","format":"standard","meta":{"footnotes":""},"categories":[1],"tags":[],"class_list":["post-74619","post","type-post","status-publish","format-standard","has-post-thumbnail","hentry","category-noticias"],"acf":[],"_links":{"self":[{"href":"https:\/\/www.crea-mt.org.br\/portal\/wp-json\/wp\/v2\/posts\/74619","targetHints":{"allow":["GET"]}}],"collection":[{"href":"https:\/\/www.crea-mt.org.br\/portal\/wp-json\/wp\/v2\/posts"}],"about":[{"href":"https:\/\/www.crea-mt.org.br\/portal\/wp-json\/wp\/v2\/types\/post"}],"author":[{"embeddable":true,"href":"https:\/\/www.crea-mt.org.br\/portal\/wp-json\/wp\/v2\/users\/2"}],"replies":[{"embeddable":true,"href":"https:\/\/www.crea-mt.org.br\/portal\/wp-json\/wp\/v2\/comments?post=74619"}],"version-history":[{"count":5,"href":"https:\/\/www.crea-mt.org.br\/portal\/wp-json\/wp\/v2\/posts\/74619\/revisions"}],"predecessor-version":[{"id":74917,"href":"https:\/\/www.crea-mt.org.br\/portal\/wp-json\/wp\/v2\/posts\/74619\/revisions\/74917"}],"wp:featuredmedia":[{"embeddable":true,"href":"https:\/\/www.crea-mt.org.br\/portal\/wp-json\/wp\/v2\/media\/74914"}],"wp:attachment":[{"href":"https:\/\/www.crea-mt.org.br\/portal\/wp-json\/wp\/v2\/media?parent=74619"}],"wp:term":[{"taxonomy":"category","embeddable":true,"href":"https:\/\/www.crea-mt.org.br\/portal\/wp-json\/wp\/v2\/categories?post=74619"},{"taxonomy":"post_tag","embeddable":true,"href":"https:\/\/www.crea-mt.org.br\/portal\/wp-json\/wp\/v2\/tags?post=74619"}],"curies":[{"name":"wp","href":"https:\/\/api.w.org\/{rel}","templated":true}]}}