{"id":7394,"date":"2007-01-05T00:00:00","date_gmt":"2007-01-05T02:00:00","guid":{"rendered":"https:\/\/crea-mt.org.br\/portal\/alagamento-no-sao-mateus-e-causado-por-lixo-no-corrego-diz-prefeitura\/"},"modified":"2007-01-05T00:00:00","modified_gmt":"2007-01-05T02:00:00","slug":"alagamento-no-sao-mateus-e-causado-por-lixo-no-corrego-diz-prefeitura","status":"publish","type":"post","link":"https:\/\/www.crea-mt.org.br\/portal\/alagamento-no-sao-mateus-e-causado-por-lixo-no-corrego-diz-prefeitura\/","title":{"rendered":"Alagamento no S\u00e3o Mateus \u00e9 causado por lixo no c\u00f3rrego, diz prefeitura"},"content":{"rendered":"<p>Uma equipe de engenheiros, designada para verificar poss\u00edveis quest\u00f5es de ordem t\u00e9cnica que possam ter contribu\u00eddo para o represamento do c\u00f3rrego do Gamb\u00e1 e o conseq\u00fcente alagamento de casas na vizinhan\u00e7a, constatou que a causa determinante \u00e9 o descarte indevido de lixo e utens\u00edlios dom\u00e9sticos. <\/p>\n<p>A equipe assinalou a queda de um muro, constru\u00eddo irregularmente em \u00e1rea de preserva\u00e7\u00e3o, como fator a obstruir quase dez por cento do leito do c\u00f3rrego e o restante, elevando o represamento para quase trinta por cento do leito, constitu\u00eddo por sof\u00e1s velhos, restos de fog\u00e3o, partes de geladeiras inserv\u00edveis e, sobretudo, sacos de lixo dom\u00e9stico que foram lan\u00e7ados ap\u00f3s a passagem da equipe de limpeza que j\u00e1 estava limpando \u00e1reas \u00e0 montante e bem afastadas do local onde ocorreu o alagamento. <\/p>\n<p>O diretor de obras p\u00fablicas, Orozimbo Guerra Neto, recebeu o relat\u00f3rio onde os engenheiros explicam que o declive de mais 3 metros entre a margem da Avenida Beira Rio e a foz do c\u00f3rrego do Gamb\u00e1 revelou-se suficiente para drenar, com velocidade, toda a \u00e1gua que conseguiu transpor o represamento, al\u00e9m do volume carreado pela rede de drenagem rec\u00e9m-constru\u00edda.<\/p>\n<p>Fonte: Di\u00e1rio de Cuiab\u00e1.<\/p>\n","protected":false},"excerpt":{"rendered":"<p>Uma equipe de engenheiros, designada para verificar poss\u00edveis quest\u00f5es de ordem t\u00e9cnica que possam ter contribu\u00eddo para o represamento do c\u00f3rrego do Gamb\u00e1 e o conseq\u00fcente alagamento de casas na vizinhan\u00e7a, constatou que a causa determinante \u00e9 o descarte indevido de lixo e utens\u00edlios dom\u00e9sticos. A equipe assinalou a queda de um muro, constru\u00eddo irregularmente [&hellip;]<\/p>\n","protected":false},"author":1,"featured_media":0,"comment_status":"open","ping_status":"open","sticky":false,"template":"","format":"standard","meta":{"footnotes":""},"categories":[1],"tags":[],"class_list":["post-7394","post","type-post","status-publish","format-standard","hentry","category-noticias"],"acf":[],"_links":{"self":[{"href":"https:\/\/www.crea-mt.org.br\/portal\/wp-json\/wp\/v2\/posts\/7394","targetHints":{"allow":["GET"]}}],"collection":[{"href":"https:\/\/www.crea-mt.org.br\/portal\/wp-json\/wp\/v2\/posts"}],"about":[{"href":"https:\/\/www.crea-mt.org.br\/portal\/wp-json\/wp\/v2\/types\/post"}],"author":[{"embeddable":true,"href":"https:\/\/www.crea-mt.org.br\/portal\/wp-json\/wp\/v2\/users\/1"}],"replies":[{"embeddable":true,"href":"https:\/\/www.crea-mt.org.br\/portal\/wp-json\/wp\/v2\/comments?post=7394"}],"version-history":[{"count":0,"href":"https:\/\/www.crea-mt.org.br\/portal\/wp-json\/wp\/v2\/posts\/7394\/revisions"}],"wp:attachment":[{"href":"https:\/\/www.crea-mt.org.br\/portal\/wp-json\/wp\/v2\/media?parent=7394"}],"wp:term":[{"taxonomy":"category","embeddable":true,"href":"https:\/\/www.crea-mt.org.br\/portal\/wp-json\/wp\/v2\/categories?post=7394"},{"taxonomy":"post_tag","embeddable":true,"href":"https:\/\/www.crea-mt.org.br\/portal\/wp-json\/wp\/v2\/tags?post=7394"}],"curies":[{"name":"wp","href":"https:\/\/api.w.org\/{rel}","templated":true}]}}