{"id":7380,"date":"2007-01-05T00:00:00","date_gmt":"2007-01-05T02:00:00","guid":{"rendered":"https:\/\/crea-mt.org.br\/portal\/crea-mt-passa-a-aceitar-cartao-de-credito-como-opcao-de-pagamento\/"},"modified":"2007-01-05T00:00:00","modified_gmt":"2007-01-05T02:00:00","slug":"crea-mt-passa-a-aceitar-cartao-de-credito-como-opcao-de-pagamento","status":"publish","type":"post","link":"https:\/\/www.crea-mt.org.br\/portal\/crea-mt-passa-a-aceitar-cartao-de-credito-como-opcao-de-pagamento\/","title":{"rendered":"Crea-MT passa a aceitar cart\u00e3o de cr\u00e9dito como op\u00e7\u00e3o de pagamento"},"content":{"rendered":"<p>Os profissionais registrados no Conselho Regional de Engenharia, Arquitetura e Agronomia de Mato Grosso (Crea-MT) e, que est\u00e3o em d\u00edvida com suas anuidades ter\u00e3o agora, mais uma op\u00e7\u00e3o para quitar os d\u00e9bitos com o Crea. Segundo a Ger\u00eancia Jur\u00eddica do \u00f3rg\u00e3o, j\u00e1 \u00e9 poss\u00edvel parcelar as d\u00edvidas com o cart\u00e3o de cr\u00e9dito em at\u00e9 tr\u00eas vezes sem juros.<\/p>\n<p>A nova op\u00e7\u00e3o de pagamento trar\u00e1 para o Conselho, economia e agilidade, evitando a emiss\u00e3o de boletos banc\u00e1rios e oferecendo uma facilidade a mais para o profissional ficar em dia com sua anuidade. De acordo com o presidente do Crea, Tarciso Bassan, a op\u00e7\u00e3o de pagamento que tamb\u00e9m \u00e9 v\u00e1lida para demais d\u00e9bitos junto ao setor jur\u00eddico do \u00f3rg\u00e3o, foi poss\u00edvel ap\u00f3s a contrata\u00e7\u00e3o dos servi\u00e7os da operadora Visa para cr\u00e9dito e d\u00e9bito. &#8220;O objetivo \u00e9 atender bem os profissionais registrados no Conselho. Com o parcelamento em cart\u00e3o de cr\u00e9dito o Crea oferece uma facilidade a mais para que esses profissionais saiam da inadimpl\u00eancia&#8221;, explicou Bassan.<\/p>\n<p>O gerente Jur\u00eddico, Jo\u00e3o Ricardo Moreira, alerta que n\u00e3o poder\u00e3o ser objeto de parcelamento em cart\u00e3o de cr\u00e9dito as anuidades com vencimento em 2007 e que os registros com dois anos de atraso ser\u00e3o cancelados. &#8220;De acordo com o artigo 64, da Lei 5.194\/66, o profissional ou empresa que deixar de pagar as anuidades por dois anos consecutivos ter\u00e1 o seu registro cancelado e seus d\u00e9bitos inclu\u00eddos em D\u00edvida Ativa&#8221;, lembrou.<\/p>\n<p>Para quem est\u00e1 em dia com o registro profissional, o Crea informa que o pagamento de 2007 tem vencimento de 01 de janeiro a 31 de mar\u00e7o deste ano. Os pagamentos \u00e0 vista realizados at\u00e9 31.01 ter\u00e3o desconto de 10% fixando os valores de R$ 180 para n\u00edvel superior e de R$ 90 para t\u00e9cnicos. Para pagamentos \u00e0 vista efetuados em fevereiro o desconto cai para 5%. O valor da anuidade tamb\u00e9m pode ser parcelado em at\u00e9 tr\u00eas vezes sem descontos.<\/p>\n<p>*RAFAELA MAXIMIANO<br \/>\nAssessoria\/Crea-MT<\/p>\n","protected":false},"excerpt":{"rendered":"<p>Os profissionais registrados no Conselho Regional de Engenharia, Arquitetura e Agronomia de Mato Grosso (Crea-MT) e, que est\u00e3o em d\u00edvida com suas anuidades ter\u00e3o agora, mais uma op\u00e7\u00e3o para quitar os d\u00e9bitos com o Crea. Segundo a Ger\u00eancia Jur\u00eddica do \u00f3rg\u00e3o, j\u00e1 \u00e9 poss\u00edvel parcelar as d\u00edvidas com o cart\u00e3o de cr\u00e9dito em at\u00e9 tr\u00eas [&hellip;]<\/p>\n","protected":false},"author":1,"featured_media":0,"comment_status":"open","ping_status":"open","sticky":false,"template":"","format":"standard","meta":{"footnotes":""},"categories":[1],"tags":[],"class_list":["post-7380","post","type-post","status-publish","format-standard","hentry","category-noticias"],"acf":[],"_links":{"self":[{"href":"https:\/\/www.crea-mt.org.br\/portal\/wp-json\/wp\/v2\/posts\/7380","targetHints":{"allow":["GET"]}}],"collection":[{"href":"https:\/\/www.crea-mt.org.br\/portal\/wp-json\/wp\/v2\/posts"}],"about":[{"href":"https:\/\/www.crea-mt.org.br\/portal\/wp-json\/wp\/v2\/types\/post"}],"author":[{"embeddable":true,"href":"https:\/\/www.crea-mt.org.br\/portal\/wp-json\/wp\/v2\/users\/1"}],"replies":[{"embeddable":true,"href":"https:\/\/www.crea-mt.org.br\/portal\/wp-json\/wp\/v2\/comments?post=7380"}],"version-history":[{"count":0,"href":"https:\/\/www.crea-mt.org.br\/portal\/wp-json\/wp\/v2\/posts\/7380\/revisions"}],"wp:attachment":[{"href":"https:\/\/www.crea-mt.org.br\/portal\/wp-json\/wp\/v2\/media?parent=7380"}],"wp:term":[{"taxonomy":"category","embeddable":true,"href":"https:\/\/www.crea-mt.org.br\/portal\/wp-json\/wp\/v2\/categories?post=7380"},{"taxonomy":"post_tag","embeddable":true,"href":"https:\/\/www.crea-mt.org.br\/portal\/wp-json\/wp\/v2\/tags?post=7380"}],"curies":[{"name":"wp","href":"https:\/\/api.w.org\/{rel}","templated":true}]}}