{"id":7375,"date":"2007-01-08T00:00:00","date_gmt":"2007-01-08T02:00:00","guid":{"rendered":"https:\/\/crea-mt.org.br\/portal\/crea-pi-e-ceid-tratam-da-lei-que-garante-a-acessibilidade\/"},"modified":"2007-01-08T00:00:00","modified_gmt":"2007-01-08T02:00:00","slug":"crea-pi-e-ceid-tratam-da-lei-que-garante-a-acessibilidade","status":"publish","type":"post","link":"https:\/\/www.crea-mt.org.br\/portal\/crea-pi-e-ceid-tratam-da-lei-que-garante-a-acessibilidade\/","title":{"rendered":"Crea-PI e Ceid tratam da Lei que garante a acessibilidade"},"content":{"rendered":"<p>\nA coordenadora geral para Integra\u00e7\u00e3o da Pessoa Portadora de Defici\u00eancia (Ceid), Rejane Dias, e o presidente do Conselho Regional de Engenharia, Arquitetura e Agronomia do Piau\u00ed (Crea-PI), Jos\u00e9 Borges, se re\u00fanem na manh\u00e3 de hoje para tratar do cumprimento do decreto 5.294\/2004, do presidente da Rep\u00fablica, Luiz In\u00e1cio Lula da Silva, que disp\u00f5e sobre a acessibilidade de pessoas com defici\u00eancia.<\/p>\n<p>A informa\u00e7\u00e3o foi prestada nesta sexta-feira, 5, pelo coordenador de acessibilidade da Ceid, Mauro Eduardo, destacando que essa lei representa um avan\u00e7o muito grande na luta dos portadores de necessidades especiais pela acessibilidade. &#8220;De acordo com o decreto, o Crea n\u00e3o pode renovar ou liberar o habites de uma constru\u00e7\u00e3o, caso a obra n\u00e3o esteja com as devidas adapta\u00e7\u00f5es previstas pela Associa\u00e7\u00e3o Brasileira de Normas T\u00e9cnicas (ABNT)&#8221;, argumentou.<\/p>\n<p>Por sua vez, o presidente do Crea enalteceu a import\u00e2ncia da lei pelo fato de tornar obrigat\u00f3ria as adapta\u00e7\u00f5es necess\u00e1rias para os portadores de defici\u00eancia terem acesso a aparelhos sanit\u00e1rios em estabelecimentos comerciais, assentos com espa\u00e7os apropriados em casas de divers\u00e3o, rampas de acesso, dentre outras medidas. Al\u00e9m disso, destacou que o atendimento deve ser priorit\u00e1rio.<\/p>\n<p>O banheiro para pessoa com defici\u00eancia deve ter porta com largura m\u00ednima de 90 cent\u00edmetros, vaso sanit\u00e1rio com altura mais elevada, com barras laterais, espelho inclinado e torneira com sensor.<\/p>\n<p><B>Fonte:<\/B> cidadeverde.com<\/p>\n","protected":false},"excerpt":{"rendered":"<p>A coordenadora geral para Integra\u00e7\u00e3o da Pessoa Portadora de Defici\u00eancia (Ceid), Rejane Dias, e o presidente do Conselho Regional de Engenharia, Arquitetura e Agronomia do Piau\u00ed (Crea-PI), Jos\u00e9 Borges, se re\u00fanem na manh\u00e3 de hoje para tratar do cumprimento do decreto 5.294\/2004, do presidente da Rep\u00fablica, Luiz In\u00e1cio Lula da Silva, que disp\u00f5e sobre a [&hellip;]<\/p>\n","protected":false},"author":1,"featured_media":0,"comment_status":"open","ping_status":"open","sticky":false,"template":"","format":"standard","meta":{"footnotes":""},"categories":[1],"tags":[],"class_list":["post-7375","post","type-post","status-publish","format-standard","hentry","category-noticias"],"acf":[],"_links":{"self":[{"href":"https:\/\/www.crea-mt.org.br\/portal\/wp-json\/wp\/v2\/posts\/7375","targetHints":{"allow":["GET"]}}],"collection":[{"href":"https:\/\/www.crea-mt.org.br\/portal\/wp-json\/wp\/v2\/posts"}],"about":[{"href":"https:\/\/www.crea-mt.org.br\/portal\/wp-json\/wp\/v2\/types\/post"}],"author":[{"embeddable":true,"href":"https:\/\/www.crea-mt.org.br\/portal\/wp-json\/wp\/v2\/users\/1"}],"replies":[{"embeddable":true,"href":"https:\/\/www.crea-mt.org.br\/portal\/wp-json\/wp\/v2\/comments?post=7375"}],"version-history":[{"count":0,"href":"https:\/\/www.crea-mt.org.br\/portal\/wp-json\/wp\/v2\/posts\/7375\/revisions"}],"wp:attachment":[{"href":"https:\/\/www.crea-mt.org.br\/portal\/wp-json\/wp\/v2\/media?parent=7375"}],"wp:term":[{"taxonomy":"category","embeddable":true,"href":"https:\/\/www.crea-mt.org.br\/portal\/wp-json\/wp\/v2\/categories?post=7375"},{"taxonomy":"post_tag","embeddable":true,"href":"https:\/\/www.crea-mt.org.br\/portal\/wp-json\/wp\/v2\/tags?post=7375"}],"curies":[{"name":"wp","href":"https:\/\/api.w.org\/{rel}","templated":true}]}}