{"id":7374,"date":"2007-01-08T00:00:00","date_gmt":"2007-01-08T02:00:00","guid":{"rendered":"https:\/\/crea-mt.org.br\/portal\/pantanal-lei-para-redefinir-limites\/"},"modified":"2007-01-08T00:00:00","modified_gmt":"2007-01-08T02:00:00","slug":"pantanal-lei-para-redefinir-limites","status":"publish","type":"post","link":"https:\/\/www.crea-mt.org.br\/portal\/pantanal-lei-para-redefinir-limites\/","title":{"rendered":"Pantanal: Lei para redefinir limites"},"content":{"rendered":"<p>O governo deve encaminha \u00e0 AL nos pr\u00f3ximos dias projeto que estabelece o tamanho do bioma e regulamenta seu uso e ocupa\u00e7\u00e3o.<\/p>\n<p>O governo do Estado encaminhar\u00e1 nos pr\u00f3ximos dias \u00e0 Assembl\u00e9ia Legislativa o projeto de Lei que redefine os limites do Pantanal mato-grossense. O novo tra\u00e7ado, produzido com o aux\u00edlio de aparelhos de localiza\u00e7\u00e3o por sat\u00e9lite, abre caminho para uma in\u00e9dita tentativa de regulamentar o uso e a ocupa\u00e7\u00e3o da maior plan\u00edcie alag\u00e1vel do planeta. <\/p>\n<p>A Lei de Gest\u00e3o do Pantanal, que foi discutida ao longo de 2006, j\u00e1 deixou a Secretaria de Meio Ambiente (Sema) e \u00e9 neste momento analisada pela Casa Civil. O texto final \u00e9 aguardado com expectativa pelos ambientalistas &#8211; que temem regras excessivamente liberais -, e pelo chamado setor produtivo, que advoga menos restri\u00e7\u00f5es. <\/p>\n<p>Para Luiz Henrique Daldegan, rec\u00e9m-empossado secret\u00e1rio de Meio Ambiente, a inten\u00e7\u00e3o \u00e9 definir, com base nas peculiaridades do bioma, um conjunto de regras claras sobre o que pode ou n\u00e3o ser feito na \u00e1rea. &#8220;J\u00e1 temos legisla\u00e7\u00e3o para a floresta e o cerrado, mas nunca tivemos uma regra para o Pantanal&#8221;, aponta. <\/p>\n<p>Da defini\u00e7\u00e3o de ambientes t\u00edpicos do bioma, tais como corixos, vazantes e cordilheiras, \u00e0s formas autorizadas de limpeza de pastos, a nova Lei poder\u00e1 ainda interferir &#8211; ou at\u00e9 mesmo impedir &#8211; a instala\u00e7\u00e3o de empreendimentos econ\u00f4micos. Antes, por\u00e9m, foi preciso redefinir os limites da plan\u00edcie. <\/p>\n<p>O levantamento georreferenciado da demarca\u00e7\u00e3o atual, estabelecida e aprovada em 1997 pela Assembl\u00e9ia Legislativa, revelou erros no posicionamento de alguns marcos. Durante a revis\u00e3o, por meio de aparelhos de localiza\u00e7\u00e3o GPS, foram coletados mais de 75 mil pontos de sat\u00e9lite que ajudaram a corrigir as distor\u00e7\u00f5es. <\/p>\n<p>Os dois trabalhos ficaram a cargo do pesquisador Jo\u00e3o dos Santos Vila da Silva &#8211; da Embrapa Inform\u00e1tica e Agropecu\u00e1ria de Campinas (SP) &#8211; e t\u00eam pouca diferen\u00e7a em termos territoriais. &#8220;Podemos dizer que foi feito um detalhamento t\u00e9cnico dos limites, a partir do qual podemos come\u00e7ar a definir os modos de gest\u00e3o&#8221;. <\/p>\n<p>Duas vers\u00f5es dessa regulamenta\u00e7\u00e3o foram apresentadas e discutidas pelo governo. Uma delas previa restri\u00e7\u00f5es ao plantio e transporte de alimentos geneticamente modificados (transg\u00eanicos) e previa reflexos na bacia do Alto Paraguai &#8211; incluindo o planalto, onde est\u00e3o as nascentes dos rios que formam o Pantanal. <\/p>\n<p>Outra minuta, j\u00e1 aprovada por um grupo de trabalho criado no Conselho Estadual do Meio Ambiente (Consema), se limita exclusivamente \u00e0 \u00e1rea definida por sat\u00e9lite e n\u00e3o menciona qualquer forma de controle \u00e0s atividades econ\u00f4micas que ocorram em seu entorno. <\/p>\n<p>De acordo com Daldegan, esta \u00faltima vers\u00e3o \u00e9 que foi encaminhada pela Sema \u00e0 Casa Civil. &#8220;Acho que n\u00e3o faria sentido abordar regi\u00f5es que j\u00e1 est\u00e3o cobertas por uma legisla\u00e7\u00e3o espec\u00edfica, como \u00e9 o caso do cerrado e da floresta. Nossa inten\u00e7\u00e3o \u00e9 preencher o vazio legal que existe na regi\u00e3o da plan\u00edcie pantaneira e suas caracter\u00edsticas \u00fanicas. Essa \u00e9 a novidade&#8221;.<\/p>\n<p><B>Fonte :<\/B> Di\u00e1rio de Cuiab\u00e1<\/p>\n","protected":false},"excerpt":{"rendered":"<p>O governo deve encaminha \u00e0 AL nos pr\u00f3ximos dias projeto que estabelece o tamanho do bioma e regulamenta seu uso e ocupa\u00e7\u00e3o. O governo do Estado encaminhar\u00e1 nos pr\u00f3ximos dias \u00e0 Assembl\u00e9ia Legislativa o projeto de Lei que redefine os limites do Pantanal mato-grossense. O novo tra\u00e7ado, produzido com o aux\u00edlio de aparelhos de localiza\u00e7\u00e3o [&hellip;]<\/p>\n","protected":false},"author":1,"featured_media":0,"comment_status":"open","ping_status":"open","sticky":false,"template":"","format":"standard","meta":{"footnotes":""},"categories":[1],"tags":[],"class_list":["post-7374","post","type-post","status-publish","format-standard","hentry","category-noticias"],"acf":[],"_links":{"self":[{"href":"https:\/\/www.crea-mt.org.br\/portal\/wp-json\/wp\/v2\/posts\/7374","targetHints":{"allow":["GET"]}}],"collection":[{"href":"https:\/\/www.crea-mt.org.br\/portal\/wp-json\/wp\/v2\/posts"}],"about":[{"href":"https:\/\/www.crea-mt.org.br\/portal\/wp-json\/wp\/v2\/types\/post"}],"author":[{"embeddable":true,"href":"https:\/\/www.crea-mt.org.br\/portal\/wp-json\/wp\/v2\/users\/1"}],"replies":[{"embeddable":true,"href":"https:\/\/www.crea-mt.org.br\/portal\/wp-json\/wp\/v2\/comments?post=7374"}],"version-history":[{"count":0,"href":"https:\/\/www.crea-mt.org.br\/portal\/wp-json\/wp\/v2\/posts\/7374\/revisions"}],"wp:attachment":[{"href":"https:\/\/www.crea-mt.org.br\/portal\/wp-json\/wp\/v2\/media?parent=7374"}],"wp:term":[{"taxonomy":"category","embeddable":true,"href":"https:\/\/www.crea-mt.org.br\/portal\/wp-json\/wp\/v2\/categories?post=7374"},{"taxonomy":"post_tag","embeddable":true,"href":"https:\/\/www.crea-mt.org.br\/portal\/wp-json\/wp\/v2\/tags?post=7374"}],"curies":[{"name":"wp","href":"https:\/\/api.w.org\/{rel}","templated":true}]}}