{"id":7372,"date":"2007-01-08T00:00:00","date_gmt":"2007-01-08T02:00:00","guid":{"rendered":"https:\/\/crea-mt.org.br\/portal\/aumento-de-39-no-consumo-de-energia-em-2006\/"},"modified":"2007-01-08T00:00:00","modified_gmt":"2007-01-08T02:00:00","slug":"aumento-de-39-no-consumo-de-energia-em-2006","status":"publish","type":"post","link":"https:\/\/www.crea-mt.org.br\/portal\/aumento-de-39-no-consumo-de-energia-em-2006\/","title":{"rendered":"Aumento de 3,9% no consumo de energia em 2006"},"content":{"rendered":"<p>A Empresa de Pesquisa Energ\u00e9tica (EPE) trabalha com a expectativa de que o crescimento da demanda no consumo de energia el\u00e9trica tenha aumentado 3,9% em 2006. <\/p>\n<p>A previs\u00e3o inicial era de que esse crescimento ficasse em 3,8%, mas o aumento m\u00e9dio de 5,7% no consumo de energia em S\u00e3o Paulo no final do ano levou a EPE a rever para cima suas proje\u00e7\u00f5es.<\/p>\n<p>A proje\u00e7\u00e3o tem tamb\u00e9m como par\u00e2metro o crescimento acumulado de 3,8% verificado em nove meses do ano, em compara\u00e7\u00e3o a igual per\u00edodo do ano passado. O setor fechou o per\u00edodo de janeiro-a setembro totalizando um consumo de 258.535 GWh (gigawatts\/hora).<\/p>\n<p>No per\u00edodo, todas as classes e segmentos aumentaram a demanda. A lideran\u00e7a coube ao com\u00e9rcio e ao conjunto &#8220;outros consumos&#8221; (que agrega o poder, a ilumina\u00e7\u00e3o e o servi\u00e7o p\u00fablicos, al\u00e9m do consumo pr\u00f3prio das empresas de distribui\u00e7\u00e3o) &#8211; cujo crescimento acumulado chegou a 4%.O percentual de fechamento previsto para 2006, por\u00e9m, \u00e9 bem inferior ao aumento da demanda do setor el\u00e9trico no fechamento do primeiro semestre do ano. De acordo com dados da EPE, de janeiro a junho de 2006 o consumo de energia el\u00e9trica cresceu &#8220;expressivos&#8221; 5,7%, em compara\u00e7\u00e3o aos primeiros seis meses de 2005. <\/p>\n<p>As proje\u00e7\u00f5es de crescimento acumulado em 2006, t\u00eam como base, segundo a EPE, &#8220;as perspectivas para o desempenho da economia para o final de ano, as tend\u00eancias sazonais e outros par\u00e2metros de mercado&#8221;.<\/p>\n<p>A revis\u00e3o das proje\u00e7\u00f5es de crescimento apontam para uma expans\u00e3o de 3,9% para o consumo residencial (contra os 3,6% iniciais), enquanto o consumo da ind\u00fastria dever\u00e1 fechar em 3,7% &#8211; a previs\u00e3o inicial era de 3,4%.<\/p>\n<p><b>Fonte:<\/b> Nielmar de Oliveira \/ Ag\u00eancia Brasil<\/p>\n","protected":false},"excerpt":{"rendered":"<p>A Empresa de Pesquisa Energ\u00e9tica (EPE) trabalha com a expectativa de que o crescimento da demanda no consumo de energia el\u00e9trica tenha aumentado 3,9% em 2006. A previs\u00e3o inicial era de que esse crescimento ficasse em 3,8%, mas o aumento m\u00e9dio de 5,7% no consumo de energia em S\u00e3o Paulo no final do ano levou [&hellip;]<\/p>\n","protected":false},"author":1,"featured_media":0,"comment_status":"open","ping_status":"open","sticky":false,"template":"","format":"standard","meta":{"footnotes":""},"categories":[1],"tags":[],"class_list":["post-7372","post","type-post","status-publish","format-standard","hentry","category-noticias"],"acf":[],"_links":{"self":[{"href":"https:\/\/www.crea-mt.org.br\/portal\/wp-json\/wp\/v2\/posts\/7372","targetHints":{"allow":["GET"]}}],"collection":[{"href":"https:\/\/www.crea-mt.org.br\/portal\/wp-json\/wp\/v2\/posts"}],"about":[{"href":"https:\/\/www.crea-mt.org.br\/portal\/wp-json\/wp\/v2\/types\/post"}],"author":[{"embeddable":true,"href":"https:\/\/www.crea-mt.org.br\/portal\/wp-json\/wp\/v2\/users\/1"}],"replies":[{"embeddable":true,"href":"https:\/\/www.crea-mt.org.br\/portal\/wp-json\/wp\/v2\/comments?post=7372"}],"version-history":[{"count":0,"href":"https:\/\/www.crea-mt.org.br\/portal\/wp-json\/wp\/v2\/posts\/7372\/revisions"}],"wp:attachment":[{"href":"https:\/\/www.crea-mt.org.br\/portal\/wp-json\/wp\/v2\/media?parent=7372"}],"wp:term":[{"taxonomy":"category","embeddable":true,"href":"https:\/\/www.crea-mt.org.br\/portal\/wp-json\/wp\/v2\/categories?post=7372"},{"taxonomy":"post_tag","embeddable":true,"href":"https:\/\/www.crea-mt.org.br\/portal\/wp-json\/wp\/v2\/tags?post=7372"}],"curies":[{"name":"wp","href":"https:\/\/api.w.org\/{rel}","templated":true}]}}