{"id":7371,"date":"2007-01-08T00:00:00","date_gmt":"2007-01-08T02:00:00","guid":{"rendered":"https:\/\/crea-mt.org.br\/portal\/3a-semana-da-quimica-na-ufscar\/"},"modified":"2007-01-08T00:00:00","modified_gmt":"2007-01-08T02:00:00","slug":"3a-semana-da-quimica-na-ufscar","status":"publish","type":"post","link":"https:\/\/www.crea-mt.org.br\/portal\/3a-semana-da-quimica-na-ufscar\/","title":{"rendered":"3\u00aa Semana da Qu\u00edmica na UFSCar"},"content":{"rendered":"<p>Est\u00e3o abertas as inscri\u00e7\u00f5es para a terceira edi\u00e7\u00e3o da Semana da Qu\u00edmica na Universidade Federal de S\u00e3o Carlos (UFSCar), que ser\u00e1 realizada de 29 de janeiro a 2 de fevereiro, no interior paulista. <\/p>\n<p>Est\u00e3o programados palestras, minicursos e mesas-redondas. Entre os assuntos que ser\u00e3o apresentados por especialistas nacionais est\u00e3o &#8220;A qu\u00edmica das sensa\u00e7\u00f5es&#8221;, &#8220;Sensores eletroqu\u00edmicos&#8221;, &#8220;Bioqu\u00edmica&#8221; e &#8220;F\u00edsico-qu\u00edmica do champanhe&#8221;. A promo\u00e7\u00e3o \u00e9 do Departamento de Qu\u00edmica da UFSCar. <\/p>\n<p>Mais informa\u00e7\u00f5es: www.ufscar.br\/~squimica.<\/p>\n<p><B>Fonte: <\/B>www.agencia.fapesp.br<\/p>\n","protected":false},"excerpt":{"rendered":"<p>Est\u00e3o abertas as inscri\u00e7\u00f5es para a terceira edi\u00e7\u00e3o da Semana da Qu\u00edmica na Universidade Federal de S\u00e3o Carlos (UFSCar), que ser\u00e1 realizada de 29 de janeiro a 2 de fevereiro, no interior paulista. Est\u00e3o programados palestras, minicursos e mesas-redondas. Entre os assuntos que ser\u00e3o apresentados por especialistas nacionais est\u00e3o &#8220;A qu\u00edmica das sensa\u00e7\u00f5es&#8221;, &#8220;Sensores eletroqu\u00edmicos&#8221;, [&hellip;]<\/p>\n","protected":false},"author":1,"featured_media":0,"comment_status":"open","ping_status":"open","sticky":false,"template":"","format":"standard","meta":{"footnotes":""},"categories":[1],"tags":[],"class_list":["post-7371","post","type-post","status-publish","format-standard","hentry","category-noticias"],"acf":[],"_links":{"self":[{"href":"https:\/\/www.crea-mt.org.br\/portal\/wp-json\/wp\/v2\/posts\/7371","targetHints":{"allow":["GET"]}}],"collection":[{"href":"https:\/\/www.crea-mt.org.br\/portal\/wp-json\/wp\/v2\/posts"}],"about":[{"href":"https:\/\/www.crea-mt.org.br\/portal\/wp-json\/wp\/v2\/types\/post"}],"author":[{"embeddable":true,"href":"https:\/\/www.crea-mt.org.br\/portal\/wp-json\/wp\/v2\/users\/1"}],"replies":[{"embeddable":true,"href":"https:\/\/www.crea-mt.org.br\/portal\/wp-json\/wp\/v2\/comments?post=7371"}],"version-history":[{"count":0,"href":"https:\/\/www.crea-mt.org.br\/portal\/wp-json\/wp\/v2\/posts\/7371\/revisions"}],"wp:attachment":[{"href":"https:\/\/www.crea-mt.org.br\/portal\/wp-json\/wp\/v2\/media?parent=7371"}],"wp:term":[{"taxonomy":"category","embeddable":true,"href":"https:\/\/www.crea-mt.org.br\/portal\/wp-json\/wp\/v2\/categories?post=7371"},{"taxonomy":"post_tag","embeddable":true,"href":"https:\/\/www.crea-mt.org.br\/portal\/wp-json\/wp\/v2\/tags?post=7371"}],"curies":[{"name":"wp","href":"https:\/\/api.w.org\/{rel}","templated":true}]}}