{"id":7367,"date":"2007-01-10T00:00:00","date_gmt":"2007-01-10T02:00:00","guid":{"rendered":"https:\/\/crea-mt.org.br\/portal\/beneficios-da-sudam\/"},"modified":"2007-01-10T00:00:00","modified_gmt":"2007-01-10T02:00:00","slug":"beneficios-da-sudam","status":"publish","type":"post","link":"https:\/\/www.crea-mt.org.br\/portal\/beneficios-da-sudam\/","title":{"rendered":"Benef\u00edcios da Sudam"},"content":{"rendered":"<p>O senador Antero Paes de Barros (PSDB) destacou a import\u00e2ncia dos benef\u00edcios para Mato Grosso provenientes da aplica\u00e7\u00e3o de recursos oriundos da Superintend\u00eancia do Desenvolvimento da Amaz\u00f4nia (Sudam).  Barros contrap\u00f4s-se \u00e0 posi\u00e7\u00e3o do senador Jonas Pinheiro (PFL), que \u00e9 contra a inclus\u00e3o do Estado no rol das regi\u00f5es asseguradas pela Sudam.  Jonas entende que a superintend\u00eancia ir\u00e1 amarrar o desenvolvimento agr\u00edcola no Estado por conta das restri\u00e7\u00f5es ambientais.  No entanto, Antero fez quest\u00e3o de lembrar que as regras sobre preserva\u00e7\u00e3o ambiental s\u00e3o ditadas pelo mundo.  Portanto, n\u00e3o seriam uma peculiaridade da Sudam.<\/p>\n<p>Para o senador Antero, \u00e9 poss\u00edvel aliar desenvolvimento no setor agr\u00edcola de Mato Grosso \u00e0s normas impostas pela superintend\u00eancia.  &#8220;N\u00e3o consigo vislumbrar onde \u00e9 que a Sudam ir\u00e1 prejudicar o Estado.  Os impedimentos ambientais ocorrem no mundo todo.  \u00c9 poss\u00edvel trabalhar o desenvolvimento agr\u00edcola dentro das diretrizes da Sudam, com certeza&#8221;, disse.  Na opini\u00e3o de Antero, a superintend\u00eancia ir\u00e1 beneficiar a economia de Mato Grosso.<\/p>\n<p>O senador entende ser necess\u00e1rio desenvolver projetos dentro de uma pol\u00edtica s\u00e9ria.  &#8220;O que \u00e9 preciso \u00e9 acabar com a roubalheira&#8221;, disparou.  A Sudam foi extinta em 2001 por suspeitas de corrup\u00e7\u00e3o.  Na semana passada o Di\u00e1rio Oficial da Uni\u00e3o publicou leis que recriam a Sudam e ainda a Superintend\u00eancia do Desenvolvimento do Nordeste (Sudene).  Mato grosso n\u00e3o faz parte dos estados beneficiados pela Sudene.  Contudo, integra a lista dos nove estados contemplados pela superintend\u00eancia do Desenvolvimento da Amaz\u00f4nia (Sudam).<\/p>\n<p>Jonas tenta no Congresso Nacional retirar Mato Grosso do cen\u00e1rio dos Estados que integram o rol de beneficiados pela Sudam.  Em tramita\u00e7\u00e3o, o projeto de lei do senador argumenta que o setor da agricultura de Mato Grosso ficar\u00e1 restrito as regras aplicadas pela Sudam.  A superintend\u00eancia faz uma s\u00e9rie de exig\u00eancias para o desenvolvimento de projetos amparados pela Sudam, disse Jonas.<\/p>\n<p>Entre as principais metas, consta que a Sudam deve promover o desenvolvimento includente e sustent\u00e1vel nas respectivas \u00e1reas de atua\u00e7\u00e3o.  Tamb\u00e9m \u00e9 miss\u00e3o da superintend\u00eancia promover a integra\u00e7\u00e3o da base produtiva regional na economia nacional e internacional.  Est\u00e1 previsto tamb\u00e9m o funcionamento do Fundo de Desenvolvimento da Amaz\u00f4nia (FDA) que dever\u00e1 oportunizar recursos para a realiza\u00e7\u00e3o de investimentos em infra-estrutura.  Os recursos oriundos do FDA tamb\u00e9m dever\u00e3o contemplar empreendimentos no setor produtivo de Mato Grosso.<\/p>\n<p>Sonia Fiori<br \/>\n<B>Fonte: <\/B>Di\u00e1rio de Cuiab\u00e1<\/p>\n","protected":false},"excerpt":{"rendered":"<p>O senador Antero Paes de Barros (PSDB) destacou a import\u00e2ncia dos benef\u00edcios para Mato Grosso provenientes da aplica\u00e7\u00e3o de recursos oriundos da Superintend\u00eancia do Desenvolvimento da Amaz\u00f4nia (Sudam). Barros contrap\u00f4s-se \u00e0 posi\u00e7\u00e3o do senador Jonas Pinheiro (PFL), que \u00e9 contra a inclus\u00e3o do Estado no rol das regi\u00f5es asseguradas pela Sudam. Jonas entende que a [&hellip;]<\/p>\n","protected":false},"author":1,"featured_media":0,"comment_status":"open","ping_status":"open","sticky":false,"template":"","format":"standard","meta":{"footnotes":""},"categories":[1],"tags":[],"class_list":["post-7367","post","type-post","status-publish","format-standard","hentry","category-noticias"],"acf":[],"_links":{"self":[{"href":"https:\/\/www.crea-mt.org.br\/portal\/wp-json\/wp\/v2\/posts\/7367","targetHints":{"allow":["GET"]}}],"collection":[{"href":"https:\/\/www.crea-mt.org.br\/portal\/wp-json\/wp\/v2\/posts"}],"about":[{"href":"https:\/\/www.crea-mt.org.br\/portal\/wp-json\/wp\/v2\/types\/post"}],"author":[{"embeddable":true,"href":"https:\/\/www.crea-mt.org.br\/portal\/wp-json\/wp\/v2\/users\/1"}],"replies":[{"embeddable":true,"href":"https:\/\/www.crea-mt.org.br\/portal\/wp-json\/wp\/v2\/comments?post=7367"}],"version-history":[{"count":0,"href":"https:\/\/www.crea-mt.org.br\/portal\/wp-json\/wp\/v2\/posts\/7367\/revisions"}],"wp:attachment":[{"href":"https:\/\/www.crea-mt.org.br\/portal\/wp-json\/wp\/v2\/media?parent=7367"}],"wp:term":[{"taxonomy":"category","embeddable":true,"href":"https:\/\/www.crea-mt.org.br\/portal\/wp-json\/wp\/v2\/categories?post=7367"},{"taxonomy":"post_tag","embeddable":true,"href":"https:\/\/www.crea-mt.org.br\/portal\/wp-json\/wp\/v2\/tags?post=7367"}],"curies":[{"name":"wp","href":"https:\/\/api.w.org\/{rel}","templated":true}]}}