{"id":7364,"date":"2007-01-10T00:00:00","date_gmt":"2007-01-10T02:00:00","guid":{"rendered":"https:\/\/crea-mt.org.br\/portal\/ultimo-dia\/"},"modified":"2007-01-10T00:00:00","modified_gmt":"2007-01-10T02:00:00","slug":"ultimo-dia","status":"publish","type":"post","link":"https:\/\/www.crea-mt.org.br\/portal\/ultimo-dia\/","title":{"rendered":"\u00daltimo dia!"},"content":{"rendered":"<p>Hoje \u00e9 o \u00faltimo dia de inscri\u00e7\u00f5es para a p\u00f3s-gradua\u00e7\u00e3o em Engenharia Civil e Ambiental na Universidade de Bras\u00edlia. S\u00e3o 15 vagas para mestrado e seis para doutorado na \u00e1rea de Tecnologia Ambiental e Recursos H\u00eddricos. Al\u00e9m de c\u00f3pia dos documentos pessoais, diploma de gradua\u00e7\u00e3o e hist\u00f3rico escolar, os candidatos dever\u00e3o apresentar um anteprojeto de pesquisa, curr\u00edculo e duas cartas de recomenda\u00e7\u00e3o.<\/p>\n<p>As inscri\u00e7\u00f5es podem ser feitas das 8h30 \u00e0s 12h e das 14h \u00e0s 17h30, na Secretaria da Coordena\u00e7\u00e3o do curso, que fica no Departamento de Engenharia Civil e Ambiental &#8211; Pr\u00e9dio SG-12. Para conferir outros editais de mestrado e doutorado da UnB, acesse o endere\u00e7o www.unb.br\/posgraduacao\/stricto_sensu\/editais.php .<\/p>\n<p><B>Fonte:<\/B> UnB \/ Universia<\/p>\n","protected":false},"excerpt":{"rendered":"<p>Hoje \u00e9 o \u00faltimo dia de inscri\u00e7\u00f5es para a p\u00f3s-gradua\u00e7\u00e3o em Engenharia Civil e Ambiental na Universidade de Bras\u00edlia. S\u00e3o 15 vagas para mestrado e seis para doutorado na \u00e1rea de Tecnologia Ambiental e Recursos H\u00eddricos. Al\u00e9m de c\u00f3pia dos documentos pessoais, diploma de gradua\u00e7\u00e3o e hist\u00f3rico escolar, os candidatos dever\u00e3o apresentar um anteprojeto de [&hellip;]<\/p>\n","protected":false},"author":1,"featured_media":0,"comment_status":"open","ping_status":"open","sticky":false,"template":"","format":"standard","meta":{"footnotes":""},"categories":[1],"tags":[],"class_list":["post-7364","post","type-post","status-publish","format-standard","hentry","category-noticias"],"acf":[],"_links":{"self":[{"href":"https:\/\/www.crea-mt.org.br\/portal\/wp-json\/wp\/v2\/posts\/7364","targetHints":{"allow":["GET"]}}],"collection":[{"href":"https:\/\/www.crea-mt.org.br\/portal\/wp-json\/wp\/v2\/posts"}],"about":[{"href":"https:\/\/www.crea-mt.org.br\/portal\/wp-json\/wp\/v2\/types\/post"}],"author":[{"embeddable":true,"href":"https:\/\/www.crea-mt.org.br\/portal\/wp-json\/wp\/v2\/users\/1"}],"replies":[{"embeddable":true,"href":"https:\/\/www.crea-mt.org.br\/portal\/wp-json\/wp\/v2\/comments?post=7364"}],"version-history":[{"count":0,"href":"https:\/\/www.crea-mt.org.br\/portal\/wp-json\/wp\/v2\/posts\/7364\/revisions"}],"wp:attachment":[{"href":"https:\/\/www.crea-mt.org.br\/portal\/wp-json\/wp\/v2\/media?parent=7364"}],"wp:term":[{"taxonomy":"category","embeddable":true,"href":"https:\/\/www.crea-mt.org.br\/portal\/wp-json\/wp\/v2\/categories?post=7364"},{"taxonomy":"post_tag","embeddable":true,"href":"https:\/\/www.crea-mt.org.br\/portal\/wp-json\/wp\/v2\/tags?post=7364"}],"curies":[{"name":"wp","href":"https:\/\/api.w.org\/{rel}","templated":true}]}}