{"id":7363,"date":"2007-01-10T00:00:00","date_gmt":"2007-01-10T02:00:00","guid":{"rendered":"https:\/\/crea-mt.org.br\/portal\/quimico-descobre-metodo-para-preservar-sabor-natural\/"},"modified":"2007-01-10T00:00:00","modified_gmt":"2007-01-10T02:00:00","slug":"quimico-descobre-metodo-para-preservar-sabor-natural","status":"publish","type":"post","link":"https:\/\/www.crea-mt.org.br\/portal\/quimico-descobre-metodo-para-preservar-sabor-natural\/","title":{"rendered":"Qu\u00edmico descobre m\u00e9todo para preservar sabor natural"},"content":{"rendered":"<p>O suco de laranja embalado pode ter o mesmo sabor e as mesmas propriedades nutritivas de um suco natural. A descoberta \u00e9 do qu\u00edmico Cl\u00e1udio Patr\u00edcio Ribeiro J\u00fanior, do programa de p\u00f3s-gradua\u00e7\u00e3o em engenharia qu\u00edmica da Universidade Federal do Rio de Janeiro (UFRJ)<br \/>\nEle desenvolveu um sistema capaz de concentrar o suco de laranja sem que o gosto e o aroma sejam prejudicados. De acordo com o autor, essa diferen\u00e7a produzida pela inova\u00e7\u00e3o no processo aponta para enormes ganhos para a economia, j\u00e1 que o Brasil \u00e9 o maior exportador de suco de laranja do mundo.<\/p>\n<p>&#8220;N\u00f3s j\u00e1 entramos com o pedido de patente para o processo&#8221;, anunciou. &#8220;Com o novo m\u00e9todo aplicado e com um produto de maior qualidade teremos um diferencial para o suco brasileiro e depois podemos adequar o m\u00e9todo a outras frutas tropicais&#8221;, antecipou o cientista, que teve sua tese orientada pelo pesquisador Paulo Laranjeira da Cunha Lage.<\/p>\n<p>O resultado do trabalho est\u00e1 sendo premiado pela Coordena\u00e7\u00e3o de Aperfei\u00e7oamento de Pessoal de N\u00edvel Superior do Minist\u00e9rio da Educa\u00e7\u00e3o (Capes\/MEC). O qu\u00edmico receber\u00e1 o Grande Pr\u00eamio Capes de Tese C\u00e9sar Lattes na \u00e1rea de exatas, junto a uma bolsa de p\u00f3s-doutorado de um ano no exterior, medalha e diploma.<\/p>\n<p>Al\u00e9m disso, uma parceria firmada pela Capes permitir\u00e1 que a Funda\u00e7\u00e3o Conrado Wessel (FCW) conceda a ele recursos da ordem de US$ 15 mil. &#8220;A Funda\u00e7\u00e3o distribui, todos os anos, mais de R$ 1 milh\u00e3o com o Pr\u00eamio FCW de Arte, Ci\u00eancia e Cultura. A parceria com a Capes permitiu que a nossa atua\u00e7\u00e3o fosse ampliada, contribuindo para o desenvolvimento da pesquisa e para o aperfei\u00e7oamento profissional de nossos cientistas&#8221;, destaca o presidente da FCW, Am\u00e9rico Fialdini Jr.<\/p>\n<p>A tese de Ribeiro J\u00fanior foi selecionada pela Coordena\u00e7\u00e3o de Aperfei\u00e7oamento de Pessoal de N\u00edvel Superior (Capes\/MEC). A institui\u00e7\u00e3o observou a qualidade do trabalho, a originalidade e a relev\u00e2ncia para o desenvolvimento do Pa\u00eds.<\/p>\n<p>A avalia\u00e7\u00e3o dos candidatos envolveu 56 comiss\u00f5es e 198 consultores das mais diversas institui\u00e7\u00f5es de ensino superior do Brasil. Nessa primeira edi\u00e7\u00e3o do Grande Pr\u00eamio Capes de Tese, foram 228 teses inscritas. Tr\u00eas teses foram escolhidas, uma para cada grande \u00e1rea de conhecimento.<\/p>\n<p>Segundo presidente da Capes, Jorge Guimar\u00e3es, o pr\u00eamio serve de incentivo para que os estudantes busquem elevar cada vez mais seus projetos de pesquisa. &#8220;Queremos incentivar os rec\u00e9m-doutores a se engajar na urgente tarefa de participar e de promover o desenvolvimento cient\u00edfico, econ\u00f4mico e sociocultural do Pa\u00eds&#8221;, acredita.<\/p>\n<p><B>Fonte:<\/B> Coordena\u00e7\u00e3o de Aperfei\u00e7oamento de Profissional de N\u00edvel Superior (Capes)<\/p>\n","protected":false},"excerpt":{"rendered":"<p>O suco de laranja embalado pode ter o mesmo sabor e as mesmas propriedades nutritivas de um suco natural. A descoberta \u00e9 do qu\u00edmico Cl\u00e1udio Patr\u00edcio Ribeiro J\u00fanior, do programa de p\u00f3s-gradua\u00e7\u00e3o em engenharia qu\u00edmica da Universidade Federal do Rio de Janeiro (UFRJ) Ele desenvolveu um sistema capaz de concentrar o suco de laranja sem [&hellip;]<\/p>\n","protected":false},"author":1,"featured_media":0,"comment_status":"open","ping_status":"open","sticky":false,"template":"","format":"standard","meta":{"footnotes":""},"categories":[1],"tags":[],"class_list":["post-7363","post","type-post","status-publish","format-standard","hentry","category-noticias"],"acf":[],"_links":{"self":[{"href":"https:\/\/www.crea-mt.org.br\/portal\/wp-json\/wp\/v2\/posts\/7363","targetHints":{"allow":["GET"]}}],"collection":[{"href":"https:\/\/www.crea-mt.org.br\/portal\/wp-json\/wp\/v2\/posts"}],"about":[{"href":"https:\/\/www.crea-mt.org.br\/portal\/wp-json\/wp\/v2\/types\/post"}],"author":[{"embeddable":true,"href":"https:\/\/www.crea-mt.org.br\/portal\/wp-json\/wp\/v2\/users\/1"}],"replies":[{"embeddable":true,"href":"https:\/\/www.crea-mt.org.br\/portal\/wp-json\/wp\/v2\/comments?post=7363"}],"version-history":[{"count":0,"href":"https:\/\/www.crea-mt.org.br\/portal\/wp-json\/wp\/v2\/posts\/7363\/revisions"}],"wp:attachment":[{"href":"https:\/\/www.crea-mt.org.br\/portal\/wp-json\/wp\/v2\/media?parent=7363"}],"wp:term":[{"taxonomy":"category","embeddable":true,"href":"https:\/\/www.crea-mt.org.br\/portal\/wp-json\/wp\/v2\/categories?post=7363"},{"taxonomy":"post_tag","embeddable":true,"href":"https:\/\/www.crea-mt.org.br\/portal\/wp-json\/wp\/v2\/tags?post=7363"}],"curies":[{"name":"wp","href":"https:\/\/api.w.org\/{rel}","templated":true}]}}