{"id":7359,"date":"2007-01-10T00:00:00","date_gmt":"2007-01-10T02:00:00","guid":{"rendered":"https:\/\/crea-mt.org.br\/portal\/cabos-de-energia-furtados-prejudicam-abastecimento\/"},"modified":"2007-01-10T00:00:00","modified_gmt":"2007-01-10T02:00:00","slug":"cabos-de-energia-furtados-prejudicam-abastecimento","status":"publish","type":"post","link":"https:\/\/www.crea-mt.org.br\/portal\/cabos-de-energia-furtados-prejudicam-abastecimento\/","title":{"rendered":"Cabos de energia furtados prejudicam abastecimento"},"content":{"rendered":"<p>O abastecimento de \u00e1gua no bairro Pedra 90 e outros localizados na regi\u00e3o ser\u00e3o prejudicados nas pr\u00f3ximas 48 horas devido ao furto de cabos de energia do reservat\u00f3rio no bairro. Al\u00e9m do furto, o reservat\u00f3rio sofreu depreda\u00e7\u00f5es na madrugada desta quarta-feira. Uma equipe da Sanecap j\u00e1 se mobiliza para resolver o problema. Sem a parte el\u00e9trica, o po\u00e7o artesiano e o reservat\u00f3rio ficam paralisados e o abastecimento normal de \u00e1gua \u00e0 popula\u00e7\u00e3o est\u00e1 prejudicado. <\/p>\n<p>Cerca de 98% dos furtos da Sanecap \u00e9 de materiais el\u00e9tricos como transformadores, quadro de comando, cabos el\u00e9tricos trif\u00e1sicos, entre outros, em unidades operacionais da Sanecap. O objetivo dos ladr\u00f5es \u00e9 vender o cobre que comp\u00f5e o material. Al\u00e9m de prejudicar o sistema de abastecimento de \u00e1gua da popula\u00e7\u00e3o, os furtos tamb\u00e9m significam gastos extras para a companhia. Nos dois bairros foram roubados 43 metros de cabos r\u00edgidos de 3\/16mm, ao custo de R$ 145 o metro, totalizando um preju\u00edzo de R$ 7.235. <\/p>\n<p>A Sanecap solicitou a elabora\u00e7\u00e3o de um boletim de ocorr\u00eancia junto \u00e0 Delegacia de Roubos do Patrim\u00f4nio P\u00fablico e far\u00e1 a reposi\u00e7\u00e3o dos materiais roubados. Tamb\u00e9m est\u00e3o sendo tomadas as provid\u00eancias para a reposi\u00e7\u00e3o de todo o material furtado, al\u00e9m dos reparos no po\u00e7o e no reservat\u00f3rio. O abastecimento deve retornar ao funcionamento normal na sexta-feira (12), por volta das 16h.<\/p>\n<p>Cerca de 8.091 fam\u00edlias dos bairros Pedra 90 e S\u00e3o Francisco, em um total de 24.273 pessoas, ficar\u00e3o privadas do abastecimento normal de \u00e1gua, em fun\u00e7\u00e3o dos atos de vandalismo que v\u00eam sendo praticados nas unidades operacionais distribuidoras de \u00e1gua da capital, nas \u00faltimas semanas. <\/p>\n<p>A Sanecap solicita que a popula\u00e7\u00e3o economize \u00e1gua at\u00e9 o pronto restabelecimento do sistema e denuncie esses atos de vandalismo ocorridos nos sistemas de abastecimento de \u00e1gua de Cuiab\u00e1.<\/p>\n<p><B>Fonte: <\/B>RMT On Line<\/p>\n","protected":false},"excerpt":{"rendered":"<p>O abastecimento de \u00e1gua no bairro Pedra 90 e outros localizados na regi\u00e3o ser\u00e3o prejudicados nas pr\u00f3ximas 48 horas devido ao furto de cabos de energia do reservat\u00f3rio no bairro. Al\u00e9m do furto, o reservat\u00f3rio sofreu depreda\u00e7\u00f5es na madrugada desta quarta-feira. Uma equipe da Sanecap j\u00e1 se mobiliza para resolver o problema. Sem a parte [&hellip;]<\/p>\n","protected":false},"author":1,"featured_media":0,"comment_status":"open","ping_status":"open","sticky":false,"template":"","format":"standard","meta":{"footnotes":""},"categories":[1],"tags":[],"class_list":["post-7359","post","type-post","status-publish","format-standard","hentry","category-noticias"],"acf":[],"_links":{"self":[{"href":"https:\/\/www.crea-mt.org.br\/portal\/wp-json\/wp\/v2\/posts\/7359","targetHints":{"allow":["GET"]}}],"collection":[{"href":"https:\/\/www.crea-mt.org.br\/portal\/wp-json\/wp\/v2\/posts"}],"about":[{"href":"https:\/\/www.crea-mt.org.br\/portal\/wp-json\/wp\/v2\/types\/post"}],"author":[{"embeddable":true,"href":"https:\/\/www.crea-mt.org.br\/portal\/wp-json\/wp\/v2\/users\/1"}],"replies":[{"embeddable":true,"href":"https:\/\/www.crea-mt.org.br\/portal\/wp-json\/wp\/v2\/comments?post=7359"}],"version-history":[{"count":0,"href":"https:\/\/www.crea-mt.org.br\/portal\/wp-json\/wp\/v2\/posts\/7359\/revisions"}],"wp:attachment":[{"href":"https:\/\/www.crea-mt.org.br\/portal\/wp-json\/wp\/v2\/media?parent=7359"}],"wp:term":[{"taxonomy":"category","embeddable":true,"href":"https:\/\/www.crea-mt.org.br\/portal\/wp-json\/wp\/v2\/categories?post=7359"},{"taxonomy":"post_tag","embeddable":true,"href":"https:\/\/www.crea-mt.org.br\/portal\/wp-json\/wp\/v2\/tags?post=7359"}],"curies":[{"name":"wp","href":"https:\/\/api.w.org\/{rel}","templated":true}]}}