{"id":7358,"date":"2007-01-10T00:00:00","date_gmt":"2007-01-10T02:00:00","guid":{"rendered":"https:\/\/crea-mt.org.br\/portal\/inscricoes-abertas-para-doutorado-na-alemanha\/"},"modified":"2007-01-10T00:00:00","modified_gmt":"2007-01-10T02:00:00","slug":"inscricoes-abertas-para-doutorado-na-alemanha","status":"publish","type":"post","link":"https:\/\/www.crea-mt.org.br\/portal\/inscricoes-abertas-para-doutorado-na-alemanha\/","title":{"rendered":"Inscri\u00e7\u00f5es abertas para doutorado na Alemanha"},"content":{"rendered":"<p>Est\u00e3o abertas, at\u00e9 o dia 23 de fevereiro, as inscri\u00e7\u00f5es para bolsas de doutorado em institui\u00e7\u00f5es de ensino superior na Alemanha. As bolsas s\u00e3o oferecidas pela Coordena\u00e7\u00e3o de Aperfei\u00e7oamento de Pessoal de N\u00edvel Superior (Capes\/MEC), em parceria com o Conselho Nacional de Desenvolvimento Cient\u00edfico e Tecnol\u00f3gico do Minist\u00e9rio da Ci\u00eancia e Tecnologia (CNPq\/MCT) e o Servi\u00e7o Alem\u00e3o de Interc\u00e2mbio Acad\u00eamico (Daad).<\/p>\n<p>O objetivo do programa \u00e9 formar professores e pesquisadores de alto n\u00edvel, al\u00e9m de estreitar a coopera\u00e7\u00e3o cient\u00edfica entre os dois pa\u00edses. Os estudantes podem escolher entre o doutorado integral, onde a pesquisa e a defesa de tese s\u00e3o feitas na Alemanha; e o doutorado-sandu\u00edche, onde o candidato que j\u00e1 est\u00e1 fazendo doutorado no Brasil poder\u00e1 realizar parte da pesquisa na Alemanha. <\/p>\n<p><B>Prioridade<\/B><\/p>\n<p>A prioridade para as bolsas de estudos \u00e9 para professores universit\u00e1rios e pesquisadores de institutos de pesquisa, em qualquer \u00e1rea da ci\u00eancia. Os candidatos com mestrado e rendimento acad\u00eamico acima da m\u00e9dia dever\u00e3o apresentar plano de pesquisa e carta de aceita\u00e7\u00e3o de um professor de uma institui\u00e7\u00e3o de ensino superior alem\u00e3. Os estudantes ser\u00e3o beneficiados com um curso intensivo de l\u00edngua alem\u00e3 at\u00e9 seis meses, bolsa mensal de 715 euros a 975 euros (R$ 2 mil a R$ 2.800,00), passagem a\u00e9rea e outras ajudas de custo.<\/p>\n<p>As inscri\u00e7\u00f5es devem ser feitas diretamente no Daad. Mais informa\u00e7\u00f5es podem ser obtidas na p\u00e1gina eletr\u00f4nica da Daad.<\/p>\n<p><B>Fonte: <\/B>RMT On Line<\/p>\n","protected":false},"excerpt":{"rendered":"<p>Est\u00e3o abertas, at\u00e9 o dia 23 de fevereiro, as inscri\u00e7\u00f5es para bolsas de doutorado em institui\u00e7\u00f5es de ensino superior na Alemanha. As bolsas s\u00e3o oferecidas pela Coordena\u00e7\u00e3o de Aperfei\u00e7oamento de Pessoal de N\u00edvel Superior (Capes\/MEC), em parceria com o Conselho Nacional de Desenvolvimento Cient\u00edfico e Tecnol\u00f3gico do Minist\u00e9rio da Ci\u00eancia e Tecnologia (CNPq\/MCT) e o [&hellip;]<\/p>\n","protected":false},"author":1,"featured_media":0,"comment_status":"open","ping_status":"open","sticky":false,"template":"","format":"standard","meta":{"footnotes":""},"categories":[1],"tags":[],"class_list":["post-7358","post","type-post","status-publish","format-standard","hentry","category-noticias"],"acf":[],"_links":{"self":[{"href":"https:\/\/www.crea-mt.org.br\/portal\/wp-json\/wp\/v2\/posts\/7358","targetHints":{"allow":["GET"]}}],"collection":[{"href":"https:\/\/www.crea-mt.org.br\/portal\/wp-json\/wp\/v2\/posts"}],"about":[{"href":"https:\/\/www.crea-mt.org.br\/portal\/wp-json\/wp\/v2\/types\/post"}],"author":[{"embeddable":true,"href":"https:\/\/www.crea-mt.org.br\/portal\/wp-json\/wp\/v2\/users\/1"}],"replies":[{"embeddable":true,"href":"https:\/\/www.crea-mt.org.br\/portal\/wp-json\/wp\/v2\/comments?post=7358"}],"version-history":[{"count":0,"href":"https:\/\/www.crea-mt.org.br\/portal\/wp-json\/wp\/v2\/posts\/7358\/revisions"}],"wp:attachment":[{"href":"https:\/\/www.crea-mt.org.br\/portal\/wp-json\/wp\/v2\/media?parent=7358"}],"wp:term":[{"taxonomy":"category","embeddable":true,"href":"https:\/\/www.crea-mt.org.br\/portal\/wp-json\/wp\/v2\/categories?post=7358"},{"taxonomy":"post_tag","embeddable":true,"href":"https:\/\/www.crea-mt.org.br\/portal\/wp-json\/wp\/v2\/tags?post=7358"}],"curies":[{"name":"wp","href":"https:\/\/api.w.org\/{rel}","templated":true}]}}