{"id":7350,"date":"2007-01-11T00:00:00","date_gmt":"2007-01-11T02:00:00","guid":{"rendered":"https:\/\/crea-mt.org.br\/portal\/tarifa-social-de-energia-eletrica-entrara-em-vigor\/"},"modified":"2007-01-11T00:00:00","modified_gmt":"2007-01-11T02:00:00","slug":"tarifa-social-de-energia-eletrica-entrara-em-vigor","status":"publish","type":"post","link":"https:\/\/www.crea-mt.org.br\/portal\/tarifa-social-de-energia-eletrica-entrara-em-vigor\/","title":{"rendered":"Tarifa social de energia el\u00e9trica entrar\u00e1 em vigor"},"content":{"rendered":"<p>A tarifa social, destinada para quem consome pouca energia el\u00e9trica, passar\u00e1 a valer a partir de 28 de fevereiro. As fam\u00edlias que est\u00e3o no cadastro \u00fanico e que t\u00eam uma renda menor que R$ 120 per capita por m\u00eas ter\u00e3o direito \u00e0 tarifa social de energia. A informa\u00e7\u00e3o foi divulgado nesta quinta-feira pela Secretaria Nacional de Renda e Cidadania do minist\u00e9rio do Desenvolvimento Social e Combate \u00e0 Fome.<\/p>\n<p>Para que se tenha uma id\u00e9ia, um chuveiro de 4.000 watts, que \u00e9 utilizado meia hora por dia, durante 30 dias, gasta 60 kW. Uma l\u00e2mpada de 60 watts, que geralmente fica acesa 5 horas por dia, durante 30 dias, gera um gasto de 9 kW por m\u00eas. A iniciativa tem como objetivo ajudar a popula\u00e7\u00e3o de baixa renda de todo o pa\u00eds.<\/p>\n<p>O programa de tarifa social de energia el\u00e9trica come\u00e7ou a ser implantado na Bahia no ano passado. T\u00eam direito \u00e0 tarifa social as fam\u00edlias que fazem parte do cadastro \u00fanico e tem consumo at\u00e9 220 kWh. <\/p>\n<p>A medida faz parte do projeto do governo de promover integra\u00e7\u00e3o entre diversos programas sociais como forma de reduzir a pobreza e a desigualdade entre as pessoas beneficiadas com o Bolsa-Fam\u00edlia.<\/p>\n<p><B>Fonte:<\/B> RMT On Line<\/p>\n","protected":false},"excerpt":{"rendered":"<p>A tarifa social, destinada para quem consome pouca energia el\u00e9trica, passar\u00e1 a valer a partir de 28 de fevereiro. As fam\u00edlias que est\u00e3o no cadastro \u00fanico e que t\u00eam uma renda menor que R$ 120 per capita por m\u00eas ter\u00e3o direito \u00e0 tarifa social de energia. A informa\u00e7\u00e3o foi divulgado nesta quinta-feira pela Secretaria Nacional [&hellip;]<\/p>\n","protected":false},"author":1,"featured_media":0,"comment_status":"open","ping_status":"open","sticky":false,"template":"","format":"standard","meta":{"footnotes":""},"categories":[1],"tags":[],"class_list":["post-7350","post","type-post","status-publish","format-standard","hentry","category-noticias"],"acf":[],"_links":{"self":[{"href":"https:\/\/www.crea-mt.org.br\/portal\/wp-json\/wp\/v2\/posts\/7350","targetHints":{"allow":["GET"]}}],"collection":[{"href":"https:\/\/www.crea-mt.org.br\/portal\/wp-json\/wp\/v2\/posts"}],"about":[{"href":"https:\/\/www.crea-mt.org.br\/portal\/wp-json\/wp\/v2\/types\/post"}],"author":[{"embeddable":true,"href":"https:\/\/www.crea-mt.org.br\/portal\/wp-json\/wp\/v2\/users\/1"}],"replies":[{"embeddable":true,"href":"https:\/\/www.crea-mt.org.br\/portal\/wp-json\/wp\/v2\/comments?post=7350"}],"version-history":[{"count":0,"href":"https:\/\/www.crea-mt.org.br\/portal\/wp-json\/wp\/v2\/posts\/7350\/revisions"}],"wp:attachment":[{"href":"https:\/\/www.crea-mt.org.br\/portal\/wp-json\/wp\/v2\/media?parent=7350"}],"wp:term":[{"taxonomy":"category","embeddable":true,"href":"https:\/\/www.crea-mt.org.br\/portal\/wp-json\/wp\/v2\/categories?post=7350"},{"taxonomy":"post_tag","embeddable":true,"href":"https:\/\/www.crea-mt.org.br\/portal\/wp-json\/wp\/v2\/tags?post=7350"}],"curies":[{"name":"wp","href":"https:\/\/api.w.org\/{rel}","templated":true}]}}