{"id":7349,"date":"2007-01-11T00:00:00","date_gmt":"2007-01-11T02:00:00","guid":{"rendered":"https:\/\/crea-mt.org.br\/portal\/pos-graduacao-em-engenharia-mecanica-na-ufrn\/"},"modified":"2007-01-11T00:00:00","modified_gmt":"2007-01-11T02:00:00","slug":"pos-graduacao-em-engenharia-mecanica-na-ufrn","status":"publish","type":"post","link":"https:\/\/www.crea-mt.org.br\/portal\/pos-graduacao-em-engenharia-mecanica-na-ufrn\/","title":{"rendered":"P\u00f3s-gradua\u00e7\u00e3o em Engenharia Mec\u00e2nica na UFRN"},"content":{"rendered":"<p>\nContinuam abertas, at\u00e9 o dia nove de fevereiro, as inscri\u00e7\u00f5es para os cursos de Mestrado e Doutorado do Programa de P\u00f3s-Gradua\u00e7\u00e3o em Engenharia Mec\u00e2nica. S\u00e3o oferecidas 33 vagas no Mestrado, das quais dez s\u00e3o na \u00e1rea de Mec\u00e2nica Computacional, 16 vagas em Tecnologia de Materiais e sete em Termoci\u00eancias. Para o Doutorado s\u00e3o oferecidas sete vagas em Tecnologias de Materiais.<\/p>\n<p>Os interessados devem procurar a secretaria do Programa, na sala 33 do Centro de Tecnologia da UFRN, das 8h \u00e0s 11h30 e das 14h \u00e0s 17h30, para preencher o requerimento padr\u00e3o e apresentar originais e c\u00f3pias de Documento de Identidade; CPF; Comprovantes de Quita\u00e7\u00e3o com o Servi\u00e7o Eleitoral e Militar; Carta do Orientador; duas Cartas de Apresenta\u00e7\u00e3o; duas fotos 3&#215;4 e Curr\u00edculo documentado.<\/p>\n<p>Al\u00e9m da documenta\u00e7\u00e3o pessoal, os candidatos ao Mestrado devem anexar c\u00f3pias de Diploma de N\u00edvel Superior; Hist\u00f3rico Escolar e Resumo do Trabalho de Disserta\u00e7\u00e3o. Dos candidatos ao curso de Doutorado s\u00e3o exigidas tamb\u00e9m c\u00f3pias do Diploma de Mestrado, Hist\u00f3rico Escolar de Mestrado e Resumo da Tese. <\/p>\n<p>A sele\u00e7\u00e3o ser\u00e1 realizada no per\u00edodo de 13 a 16 de fevereiro, em duas etapas, atrav\u00e9s da An\u00e1lise dos documentos e de Entrevista com a Comiss\u00e3o de Sele\u00e7\u00e3o. Mais informa\u00e7\u00f5es pelo telefone (84) 3215-3768 ou atrav\u00e9s dos e-mails ppgem@dem.ufrn.br  , marisa@ufrnet.br  ou rubens@dem.ufrn.br  ou no site www.dem.ufrn.br\/ppgem .<\/p>\n<p><B>Fonte:<\/B> UFRN \/ Universia<\/p>\n","protected":false},"excerpt":{"rendered":"<p>Continuam abertas, at\u00e9 o dia nove de fevereiro, as inscri\u00e7\u00f5es para os cursos de Mestrado e Doutorado do Programa de P\u00f3s-Gradua\u00e7\u00e3o em Engenharia Mec\u00e2nica. S\u00e3o oferecidas 33 vagas no Mestrado, das quais dez s\u00e3o na \u00e1rea de Mec\u00e2nica Computacional, 16 vagas em Tecnologia de Materiais e sete em Termoci\u00eancias. Para o Doutorado s\u00e3o oferecidas sete [&hellip;]<\/p>\n","protected":false},"author":1,"featured_media":0,"comment_status":"open","ping_status":"open","sticky":false,"template":"","format":"standard","meta":{"footnotes":""},"categories":[1],"tags":[],"class_list":["post-7349","post","type-post","status-publish","format-standard","hentry","category-noticias"],"acf":[],"_links":{"self":[{"href":"https:\/\/www.crea-mt.org.br\/portal\/wp-json\/wp\/v2\/posts\/7349","targetHints":{"allow":["GET"]}}],"collection":[{"href":"https:\/\/www.crea-mt.org.br\/portal\/wp-json\/wp\/v2\/posts"}],"about":[{"href":"https:\/\/www.crea-mt.org.br\/portal\/wp-json\/wp\/v2\/types\/post"}],"author":[{"embeddable":true,"href":"https:\/\/www.crea-mt.org.br\/portal\/wp-json\/wp\/v2\/users\/1"}],"replies":[{"embeddable":true,"href":"https:\/\/www.crea-mt.org.br\/portal\/wp-json\/wp\/v2\/comments?post=7349"}],"version-history":[{"count":0,"href":"https:\/\/www.crea-mt.org.br\/portal\/wp-json\/wp\/v2\/posts\/7349\/revisions"}],"wp:attachment":[{"href":"https:\/\/www.crea-mt.org.br\/portal\/wp-json\/wp\/v2\/media?parent=7349"}],"wp:term":[{"taxonomy":"category","embeddable":true,"href":"https:\/\/www.crea-mt.org.br\/portal\/wp-json\/wp\/v2\/categories?post=7349"},{"taxonomy":"post_tag","embeddable":true,"href":"https:\/\/www.crea-mt.org.br\/portal\/wp-json\/wp\/v2\/tags?post=7349"}],"curies":[{"name":"wp","href":"https:\/\/api.w.org\/{rel}","templated":true}]}}