{"id":7348,"date":"2007-01-11T00:00:00","date_gmt":"2007-01-11T02:00:00","guid":{"rendered":"https:\/\/crea-mt.org.br\/portal\/embrapa-agroenergia\/"},"modified":"2007-01-11T00:00:00","modified_gmt":"2007-01-11T02:00:00","slug":"embrapa-agroenergia","status":"publish","type":"post","link":"https:\/\/www.crea-mt.org.br\/portal\/embrapa-agroenergia\/","title":{"rendered":"Embrapa Agroenergia"},"content":{"rendered":"<p>\nAt\u00e9 o final de janeiro a primeira chefia da rec\u00e9m-criada Embrapa Agroenergia, unidade da Empresa Brasileira de Pesquisa Agropecu\u00e1ria, vinculada ao Minist\u00e9rio da Agricultura, Pecu\u00e1ria e Abastecimento (MAPA), estar\u00e1  instalada na sede da institui\u00e7\u00e3o, em Bras\u00edlia. &#8220;Uma das primeiras iniciativas ser\u00e1 a an\u00e1lise da carteira de projetos que vai compor as prioridades para este novo centro. Ou seja: fazer um levantamento do que existe e dos gargalos&#8221;, diz o diretor-presidente em exerc\u00edcio, pesquisador Kepler Euclides Filho. <\/p>\n<p>Algumas das linhas de pesquisa e desafios para este centro &#8211; que vai integrar o que h\u00e1 de mais moderno na busca de novas matrizes energ\u00e9ticas &#8211; j\u00e1 constam do rol de prioridades, apesar do per\u00edodo de instala\u00e7\u00e3o. Uma delas s\u00e3o estudos para o aproveitamento de res\u00edduos de gordura animal e vegetal \u00e0 produ\u00e7\u00e3o de energia. Os temas est\u00e3o na pauta do Labex Estados Unidos (Laborat\u00f3rio Virtual da institui\u00e7\u00e3o naquele pa\u00eds).  <\/p>\n<p>No Brasil, pesquisdora Martha Higarashi, da Embrapa Su\u00ednos e Aves (Conc\u00f3rdia-SC) refor\u00e7a o estudo com uma proposta para gerar combust\u00edvel a partir do aproveitamento da gordura animal, atualmente usada para fazer farinha para ra\u00e7\u00e3o. A id\u00e9ia \u00e9 utilizar o produto no pr\u00f3prio sistema destinado ao aquecimento dos sistemas de avicultura e suinocultura. Para kepler essa \u00e9 linha de pesquisa que, al\u00e9m de oportunizar uma nova fonte energ\u00e9tica, contribui para a sustentabilidade da cadeias produtivas.<\/p>\n<p>Outra novidade \u00e9 o investimento em pesquisas com cana-de-a\u00e7\u00facar. Projetos para essa finalidade est\u00e3o em desenvolvimento em unidades como a Embrapa Tabuleiros Costeiros (Aracaju-SE). A inten\u00e7\u00e3o \u00e9 obter novos materiais gen\u00e9ticos, que sirvam para diferentes regi\u00f5es do Brasil. Mas esses s\u00e3o apenas alguns pontos para demonstrar o ritmo acelerado da mais nova unidade da Embrapa, pois o avan\u00e7o e respostas para o aproveitamento de oleaginosas na produ\u00e7\u00e3o de biodiesel s\u00e3o uma realidade. O \u00f3leo de mamona \u00e9 um deles.<\/p>\n<p>O trabalho do Labex Estados Unidos na busca de aproveitamento dos res\u00edduos de gordura animal, alinhado ao estudo Martha Higarashi, \u00e9 o melhor exemplo da forma inovadora de trabalho da Embrapa Agroenergias. A unidade atua em rede, contando com parceiros da iniciativa p\u00fablica e privada, entre eles centros de pesquisa da pr\u00f3pria Empresa, institui\u00e7\u00f5es, universidades e organismos internacionais. A administra\u00e7\u00e3o (enxuta) est\u00e1 em Bras\u00edlia.<\/p>\n<p>As pesquisas, no entanto, n\u00e3o t\u00eam fronteiras. &#8220;\u00c9 uma concep\u00e7\u00e3o diferenciada&#8221;, elogia kepler Euclides Filho ao observar que tamb\u00e9m h\u00e1 investimento em recursos humanos, com a contrata\u00e7\u00e3o de pessoal aprovado no \u00faltimo concurso p\u00fablico.<\/p>\n<p>A Embrapa Agroenergia, que ter\u00e1 como chefe-geral o pesquisador Frederico Ozanan Machado Dur\u00e3es funcionar\u00e1 no edificio sede da Empresa. Na chefias-adjuntas de Comunica\u00e7\u00e3o e Neg\u00f3cios e Administrativa estar\u00e3o Jos\u00e9 Eur\u00edpedes da Silva e Maria do Carmo de Morais Matias, respectivamente. Nas pr\u00f3ximas semanas a diretoria definir\u00e1 quem ocupar\u00e1 a chefia de Pesquisa &amp; Desenvolvimento. <\/p>\n<p><B>Deva Rodrigues<\/B> (MTB\/RS 5297)<br \/>\n<B>Contatos<\/B> (61) 3448-4113<br \/>\n<B>Deva.rodrigues@embrapa.br<\/B><\/p>\n","protected":false},"excerpt":{"rendered":"<p>At\u00e9 o final de janeiro a primeira chefia da rec\u00e9m-criada Embrapa Agroenergia, unidade da Empresa Brasileira de Pesquisa Agropecu\u00e1ria, vinculada ao Minist\u00e9rio da Agricultura, Pecu\u00e1ria e Abastecimento (MAPA), estar\u00e1 instalada na sede da institui\u00e7\u00e3o, em Bras\u00edlia. &#8220;Uma das primeiras iniciativas ser\u00e1 a an\u00e1lise da carteira de projetos que vai compor as prioridades para este novo [&hellip;]<\/p>\n","protected":false},"author":1,"featured_media":0,"comment_status":"open","ping_status":"open","sticky":false,"template":"","format":"standard","meta":{"footnotes":""},"categories":[1],"tags":[],"class_list":["post-7348","post","type-post","status-publish","format-standard","hentry","category-noticias"],"acf":[],"_links":{"self":[{"href":"https:\/\/www.crea-mt.org.br\/portal\/wp-json\/wp\/v2\/posts\/7348","targetHints":{"allow":["GET"]}}],"collection":[{"href":"https:\/\/www.crea-mt.org.br\/portal\/wp-json\/wp\/v2\/posts"}],"about":[{"href":"https:\/\/www.crea-mt.org.br\/portal\/wp-json\/wp\/v2\/types\/post"}],"author":[{"embeddable":true,"href":"https:\/\/www.crea-mt.org.br\/portal\/wp-json\/wp\/v2\/users\/1"}],"replies":[{"embeddable":true,"href":"https:\/\/www.crea-mt.org.br\/portal\/wp-json\/wp\/v2\/comments?post=7348"}],"version-history":[{"count":0,"href":"https:\/\/www.crea-mt.org.br\/portal\/wp-json\/wp\/v2\/posts\/7348\/revisions"}],"wp:attachment":[{"href":"https:\/\/www.crea-mt.org.br\/portal\/wp-json\/wp\/v2\/media?parent=7348"}],"wp:term":[{"taxonomy":"category","embeddable":true,"href":"https:\/\/www.crea-mt.org.br\/portal\/wp-json\/wp\/v2\/categories?post=7348"},{"taxonomy":"post_tag","embeddable":true,"href":"https:\/\/www.crea-mt.org.br\/portal\/wp-json\/wp\/v2\/tags?post=7348"}],"curies":[{"name":"wp","href":"https:\/\/api.w.org\/{rel}","templated":true}]}}