{"id":7343,"date":"2007-01-12T00:00:00","date_gmt":"2007-01-12T02:00:00","guid":{"rendered":"https:\/\/crea-mt.org.br\/portal\/safra-de-graos-cresce-mais-uma-vez-aponta-a-conab\/"},"modified":"2007-01-12T00:00:00","modified_gmt":"2007-01-12T02:00:00","slug":"safra-de-graos-cresce-mais-uma-vez-aponta-a-conab","status":"publish","type":"post","link":"https:\/\/www.crea-mt.org.br\/portal\/safra-de-graos-cresce-mais-uma-vez-aponta-a-conab\/","title":{"rendered":"Safra de gr\u00e3os cresce mais uma vez, aponta a Conab"},"content":{"rendered":"<p><B>A safra nacional de gr\u00e3os para o ciclo 2006\/07 deve ser de 121,5 milh\u00f5es de toneladas, segundo a 4 pesquisa realizada pela Conab<\/B> <\/p>\n<p>O resultado aponta um crescimento de 1,59 milh\u00e3o\/t ou 1,3% sobre a safra anterior (119,9 milh\u00f5es\/t). Em rela\u00e7\u00e3o ao \u00faltimo levantamento, divulgado em dezembro, o aumento \u00e9 de 1,3 milh\u00e3o\/t (1,1%).<\/p>\n<p>Segundo o presidente da estatal, Jacinto Ferreira, a revis\u00e3o para cima se deve \u00e0 recupera\u00e7\u00e3o da produtividade, beneficiada pelo clima favor\u00e1vel na fase inicial do plantio, principalmente na regi\u00e3o Centro-Sul.<\/p>\n<p> As culturas com maior destaque s\u00e3o a soja e o milho. A primeira deve alcan\u00e7ar 54,9 milh\u00f5es de toneladas, 2,7% a mais que a safra anterior, que foi de 53,4 milh\u00f5es\/t. O resultado \u00e9 o maior da hist\u00f3ria. J\u00e1 a produ\u00e7\u00e3o de milho (1 e 2 safras) est\u00e1 estimada em 44,7 milh\u00f5es\/t, valor 7,2% superior ao do per\u00edodo passado, de 41,7 milh\u00f5es\/t. O algod\u00e3o (caro\u00e7o) deve chegar a 2,1 milh\u00f5es\/t, superior em 25,5%.  <\/p>\n<p>\u00c1rea A \u00e1rea total de plantio est\u00e1 calculada em 45,4 milh\u00f5es de hectares, 4,0% menor que a da safra 2005\/06, fechada em 47,3 milh\u00f5es\/ha. A redu\u00e7\u00e3o \u00e9 mais significativa na cultura de soja, que deve ficar em 20,7 milh\u00f5es\/ha, redu\u00e7\u00e3o de 1,6 milh\u00e3o\/ha. O motivo est\u00e1 na queda dos pre\u00e7os no mercado e no c\u00e2mbio desfavor\u00e1vel na \u00e9poca do plantio. A \u00e1rea de cultivo do trigo tamb\u00e9m foi reduzida em 25,6%, saindo de 2,4 milh\u00f5es\/ha para 1,8 milh\u00e3o\/ha. <\/p>\n<p> Para atualizar os n\u00fameros, t\u00e9cnicos da Conab mantiveram contatos com representantes de cooperativas, \u00f3rg\u00e3os p\u00fablicos e privados, agentes financeiros e produtores de todo o pa\u00eds, no per\u00edodo de 21 a 29 de dezembro.<\/p>\n<p><B>Fonte:<\/B> Assessoria de Imprensa da Conab<\/p>\n","protected":false},"excerpt":{"rendered":"<p>A safra nacional de gr\u00e3os para o ciclo 2006\/07 deve ser de 121,5 milh\u00f5es de toneladas, segundo a 4 pesquisa realizada pela Conab O resultado aponta um crescimento de 1,59 milh\u00e3o\/t ou 1,3% sobre a safra anterior (119,9 milh\u00f5es\/t). Em rela\u00e7\u00e3o ao \u00faltimo levantamento, divulgado em dezembro, o aumento \u00e9 de 1,3 milh\u00e3o\/t (1,1%). Segundo [&hellip;]<\/p>\n","protected":false},"author":1,"featured_media":0,"comment_status":"open","ping_status":"open","sticky":false,"template":"","format":"standard","meta":{"footnotes":""},"categories":[1],"tags":[],"class_list":["post-7343","post","type-post","status-publish","format-standard","hentry","category-noticias"],"acf":[],"_links":{"self":[{"href":"https:\/\/www.crea-mt.org.br\/portal\/wp-json\/wp\/v2\/posts\/7343","targetHints":{"allow":["GET"]}}],"collection":[{"href":"https:\/\/www.crea-mt.org.br\/portal\/wp-json\/wp\/v2\/posts"}],"about":[{"href":"https:\/\/www.crea-mt.org.br\/portal\/wp-json\/wp\/v2\/types\/post"}],"author":[{"embeddable":true,"href":"https:\/\/www.crea-mt.org.br\/portal\/wp-json\/wp\/v2\/users\/1"}],"replies":[{"embeddable":true,"href":"https:\/\/www.crea-mt.org.br\/portal\/wp-json\/wp\/v2\/comments?post=7343"}],"version-history":[{"count":0,"href":"https:\/\/www.crea-mt.org.br\/portal\/wp-json\/wp\/v2\/posts\/7343\/revisions"}],"wp:attachment":[{"href":"https:\/\/www.crea-mt.org.br\/portal\/wp-json\/wp\/v2\/media?parent=7343"}],"wp:term":[{"taxonomy":"category","embeddable":true,"href":"https:\/\/www.crea-mt.org.br\/portal\/wp-json\/wp\/v2\/categories?post=7343"},{"taxonomy":"post_tag","embeddable":true,"href":"https:\/\/www.crea-mt.org.br\/portal\/wp-json\/wp\/v2\/tags?post=7343"}],"curies":[{"name":"wp","href":"https:\/\/api.w.org\/{rel}","templated":true}]}}