{"id":7342,"date":"2007-01-12T00:00:00","date_gmt":"2007-01-12T02:00:00","guid":{"rendered":"https:\/\/crea-mt.org.br\/portal\/mba-executivo-administracao-para-engenheiros\/"},"modified":"2007-01-12T00:00:00","modified_gmt":"2007-01-12T02:00:00","slug":"mba-executivo-administracao-para-engenheiros","status":"publish","type":"post","link":"https:\/\/www.crea-mt.org.br\/portal\/mba-executivo-administracao-para-engenheiros\/","title":{"rendered":"MBA &#8211; Executivo (administra\u00e7\u00e3o para engenheiros)"},"content":{"rendered":"<p><B>In\u00edcio do Curso:<\/B>  26 de fevereiro de 2007<br \/>\n<B>T\u00e9rmino do Curso:<\/B> dezembro de 2007<br \/>\n<B>Dias de aula:<\/B>  segundas, ter\u00e7as e quintas feiras<br \/>\n<B>Hor\u00e1rio:<\/B>  das 19:10h \u00e0s 22:30h<br \/>\n<B>Local das Aulas:<\/B>  Rua Pedro de Toledo, 1071, Vila Clementino &#8211; S\u00e3o Paulo  <\/p>\n<p><B>Exclusivo para:<\/B><br \/>\nEngenheiros e Graduados da \u00e1rea de exatas <\/p>\n<p><B>Cen\u00e1rio empresarial:<\/B><br \/>\nNas organiza\u00e7\u00f5es produtivas, os administradores aplicam suas compet\u00eancias t\u00e9cnicas e habilidades pessoais para transformar id\u00e9ias e capital em produtos e servi\u00e7os orientados para gerar lucro. Conseguir o resultado m\u00e1ximo para cada unidade monet\u00e1ria investida \u00e9 o objetivo de um empreendimento. Como nem sempre a efici\u00eancia econ\u00f4mica coincide com a efici\u00eancia t\u00e9cnica, cabe ao administrador a escolha da solu\u00e7\u00e3o de compromisso para a obten\u00e7\u00e3o do melhor resultado.<\/p>\n<p><B>Cen\u00e1rio executivo:<\/B><br \/>\nO entendimento e o dom\u00ednio do chamado sincronismo organizacional que interliga estrat\u00e9gias, processos e pessoas \u00e9 um item indispens\u00e1vel ao perfil dos profissionais atuantes no mercado, que devem estar habilitados a identificar e executar, com t\u00e9cnica aprimorada, a\u00e7\u00f5es que agreguem valor \u00e0 empresa, ou seja, a\u00e7\u00f5es que maximizem o valor da empresa.<\/p>\n<p>O programa do MBA Executivo:<br \/>\nM\u00f3dulos te\u00f3rico-pr\u00e1ticos, incluindo a capacita\u00e7\u00e3o dos participantes na prepara\u00e7\u00e3o e avalia\u00e7\u00e3o de projetos de investimento em ativos para cria\u00e7\u00e3o de valor (esses 4 m\u00f3dulos comp\u00f5em o perfil empreendedor):<br \/>\nPlanejamento Estrat\u00e9gico.<br \/>\nMarketing e Mercado.<br \/>\nLog\u00edstica de Produ\u00e7\u00e3o (com simula\u00e7\u00e3o &#8211; jogo empresarial).<br \/>\nAvalia\u00e7\u00e3o de Projetos de Investimentos para Gera\u00e7\u00e3o de Valor (com Excel em laborat\u00f3rio de inform\u00e1tica). <\/p>\n<p>M\u00f3dulos aplicados a casos reais dos participantes durante o curso (ferramentas de uso imediato):<br \/>\nSincronismo Organizacional (gest\u00e3o de processos, estrat\u00e9gias e pessoas).<br \/>\nComportamento Organizacional (Conhecendo o ambiente de neg\u00f3cios e de gest\u00e3o de pessoas para possibilitar a transforma\u00e7\u00e3o organizacional e adequa\u00e7ao das estrat\u00e9gias). <\/p>\n<p>M\u00f3dulos expositivos para a prepara\u00e7\u00e3o generalista do administrador (exerc\u00edcios e modelos):<br \/>\nGest\u00e3o de Pessoas (Muito al\u00e9m da hierarquia)<br \/>\nEconomia Aplicada.<br \/>\nAn\u00e1lises Financeiras. <\/p>\n<p>M\u00f3dulos para o treinamento dos executivos em habilidades indispens\u00e1veis para a eficiente administra\u00e7\u00e3o, utilizando din\u00e2micas de grupos, jogos de empresas e simula\u00e7\u00f5es:<br \/>\nTrabalho em Equipe.<br \/>\nNegocia\u00e7\u00e3o e Tomada de Decis\u00e3o.<br \/>\nSimula\u00e7\u00e3o Industrial em Cen\u00e1rio Competitivo (jogo de empresa). <\/p>\n<p>M\u00f3dulo final, n\u00e3o presencial, com aulas de controle e orienta\u00e7\u00e3o:<br \/>\nTrabalho de Conclus\u00e3o de Curso &#8211; TCC: Plano de neg\u00f3cios de um projeto de investimento em ativos.<br \/>\nMetodologia:<br \/>\nO curso desenvolve m\u00f3dulos seq\u00fcenciais integrados, com forte base te\u00f3rica e aplica\u00e7\u00f5es pr\u00e1ticas a casos reais ou simulados em segmentos da escolha do participante ou da empresa patrocinadora, seja ela de com\u00e9rcio, ind\u00fastria ou servi\u00e7os. Os participantes estar\u00e3o, sempre que desejarem, desenvolvendo projetos reais pr\u00f3prios ou de suas empresas em diversos m\u00f3dulos do programa.<\/p>\n<p><B>Perfil dos professores do MBA Executivo da Mau\u00e1:<\/B><\/p>\n<p>Excel\u00eancia acad\u00eamica;<br \/>\nConsultores atuantes no mercado &#8211; viv\u00eancia no mundo real;<br \/>\nExperi\u00eancia comprovada em treinamento de executivos;<br \/>\nExperi\u00eancia comprovada em MBAs;<br \/>\nDestacados autores de livros e publica\u00e7\u00f5es t\u00e9cnicas.<br \/>\nEquipe de professores do curso (100% consultores, 50% autores t\u00e9cnicos):<\/p>\n<p>Andr\u00e9 Luiz Oda<br \/>\nBernardo Leite Moreira<br \/>\nCec\u00edlia C. J. Andrade<br \/>\nCid Nardy<br \/>\nEvandro Tenca<br \/>\nHelton Haddad C. Silva<br \/>\nHomero Amato<br \/>\nJos\u00e9 Carlos Ferrante<br \/>\nJos\u00e9 Carlos de Souza<br \/>\nLeonel Molero Pereira<br \/>\nLuiz Alberto Borcsik<br \/>\nNorberto Giuntini<br \/>\nOtto Nogami<br \/>\nPaulo S\u00e9rgio S. Rocha<br \/>\nPedro Mandelli Filho <\/p>\n<p><B>Principais caracter\u00edsticas do MBA Executivo da Mau\u00e1:<\/B><\/p>\n<p>Perfeita conson\u00e2ncia entre teoria e pr\u00e1tica;<br \/>\nTodos os m\u00f3dulos do curso s\u00e3o m\u00f3dulos de resultado, isto \u00e9, aplic\u00e1veis imediatamente na vida profissional;<br \/>\nPossibilidade de desenvolver trabalho real no Trabalho de Conclus\u00e3o de Curso &#8211; TCC;<br \/>\nApenas dois (2) semestres letivos de aulas presenciais;<br \/>\nExperi\u00eancia comprovada em MBA para aproximadamente 800 executivos (esta \u00e9 a turma 20);<br \/>\nCronograma de aulas com tempo dispon\u00edvel para elabora\u00e7\u00e3o de trabalhos;<br \/>\nTCC finalizado ap\u00f3s o t\u00e9rmino dos m\u00f3dulos presenciais;<br \/>\nMaterial did\u00e1tico j\u00e1 inclu\u00eddo.<br \/>\nInforma\u00e7\u00f5es importantes sobre o MBA Executivo Mau\u00e1:<br \/>\nLocal das aulas: Vila Mariana &#8211; S\u00e3o Paulo: Rua Pedro de Toledo 1071;<br \/>\n360 horas-aula presenciais;<br \/>\nAulas em 3 per\u00edodos noturnos por semana;<br \/>\nHor\u00e1rio das aulas: das 19:10 \u00e0s 22:30, \u00e0s segundas, ter\u00e7as e quintas feiras;<br \/>\nPer\u00edodo letivo: de fevereiro de 2007 a dezembro de 2007;<br \/>\nPrazo final para entrega do TCC: 30 de abril de 2008;<br \/>\nPr\u00e9-requisitos: gradua\u00e7\u00e3o em engenharia ou na \u00e1rea de exatas, com experi\u00eancia profissional (arquitetos s\u00e3o bem-vindos);<br \/>\nCertificado aos participantes que apresentarem freq\u00fc\u00eancia m\u00ednima de 75% e bom aproveitamento no curso (trabalhos e provas);<br \/>\nCurso cadastrado no MEC.<br \/>\nInvestimento:<br \/>\n15 x R$ 1.100,00<br \/>\nDescontos para grupos, ex-alunos e matriculas antecipadas.<\/p>\n<p><B>Fonte: <\/B>http:\/\/node3.iojet.com\/i\/mmmba03\/bqfia\/executivo.html<\/p>\n","protected":false},"excerpt":{"rendered":"<p>In\u00edcio do Curso: 26 de fevereiro de 2007 T\u00e9rmino do Curso: dezembro de 2007 Dias de aula: segundas, ter\u00e7as e quintas feiras Hor\u00e1rio: das 19:10h \u00e0s 22:30h Local das Aulas: Rua Pedro de Toledo, 1071, Vila Clementino &#8211; S\u00e3o Paulo Exclusivo para: Engenheiros e Graduados da \u00e1rea de exatas Cen\u00e1rio empresarial: Nas organiza\u00e7\u00f5es produtivas, os [&hellip;]<\/p>\n","protected":false},"author":1,"featured_media":0,"comment_status":"open","ping_status":"open","sticky":false,"template":"","format":"standard","meta":{"footnotes":""},"categories":[1],"tags":[],"class_list":["post-7342","post","type-post","status-publish","format-standard","hentry","category-noticias"],"acf":[],"_links":{"self":[{"href":"https:\/\/www.crea-mt.org.br\/portal\/wp-json\/wp\/v2\/posts\/7342","targetHints":{"allow":["GET"]}}],"collection":[{"href":"https:\/\/www.crea-mt.org.br\/portal\/wp-json\/wp\/v2\/posts"}],"about":[{"href":"https:\/\/www.crea-mt.org.br\/portal\/wp-json\/wp\/v2\/types\/post"}],"author":[{"embeddable":true,"href":"https:\/\/www.crea-mt.org.br\/portal\/wp-json\/wp\/v2\/users\/1"}],"replies":[{"embeddable":true,"href":"https:\/\/www.crea-mt.org.br\/portal\/wp-json\/wp\/v2\/comments?post=7342"}],"version-history":[{"count":0,"href":"https:\/\/www.crea-mt.org.br\/portal\/wp-json\/wp\/v2\/posts\/7342\/revisions"}],"wp:attachment":[{"href":"https:\/\/www.crea-mt.org.br\/portal\/wp-json\/wp\/v2\/media?parent=7342"}],"wp:term":[{"taxonomy":"category","embeddable":true,"href":"https:\/\/www.crea-mt.org.br\/portal\/wp-json\/wp\/v2\/categories?post=7342"},{"taxonomy":"post_tag","embeddable":true,"href":"https:\/\/www.crea-mt.org.br\/portal\/wp-json\/wp\/v2\/tags?post=7342"}],"curies":[{"name":"wp","href":"https:\/\/api.w.org\/{rel}","templated":true}]}}