{"id":7341,"date":"2007-01-12T00:00:00","date_gmt":"2007-01-12T02:00:00","guid":{"rendered":"https:\/\/crea-mt.org.br\/portal\/tecnocampo-2007-tendencias-e-tecnologia\/"},"modified":"2007-01-12T00:00:00","modified_gmt":"2007-01-12T02:00:00","slug":"tecnocampo-2007-tendencias-e-tecnologia","status":"publish","type":"post","link":"https:\/\/www.crea-mt.org.br\/portal\/tecnocampo-2007-tendencias-e-tecnologia\/","title":{"rendered":"TecnoCampo 2007: Tend\u00eancias e Tecnologia"},"content":{"rendered":"<p>Todas as regi\u00f5es produtoras de Mato Grosso ser\u00e3o palco do evento que tem foco no produtor rural e na tecnologia agr\u00edcola. Abrindo o calend\u00e1rio anual de eventos da Funda\u00e7\u00e3o MT, come\u00e7a, em janeiro, o TecnoCampo 2007 com uma programa\u00e7\u00e3o intensa e diversificada. <\/p>\n<p>Dentre as novidades da pr\u00f3xima edi\u00e7\u00e3o do evento est\u00e1 a C\u00e9lula de Conviv\u00eancia, onde acontecem palestras com temas abrangentes sobre as tend\u00eancias de mercado agr\u00edcola. As apresenta\u00e7\u00f5es dos temas nesta c\u00e9lula s\u00e3o feitas de maneira que possibilite maior intera\u00e7\u00e3o entre palestrante e p\u00fablico. De acordo com Silvia Camacho, gestora de marketing da Funda\u00e7\u00e3o MT, este \u00e9 um espa\u00e7o onde acontece toda a parte social do evento. &#8220;\u00c9 a oportunidade que as empresas tem para se aproximar dos participantes, \u00e9 onde tamb\u00e9m acontecem debates t\u00e9cnicos e do cen\u00e1rio agr\u00edcola mundial. A c\u00e9lula de conviv\u00eancia \u00e9 um espa\u00e7o para discuss\u00e3o estrat\u00e9gica&#8221;, afirma. <\/p>\n<p>Um dos temas que nortear\u00e3o o debate nesta c\u00e9lula \u00e9 &#8220;Tend\u00eancias globais para a soja&#8221;, cujo assunto foi solicitado por participantes dos eventos realizados pela Funda\u00e7\u00e3o MT no ano passado. Esta palestra abordar\u00e1 transg\u00eania, produ\u00e7\u00e3o mundial, comportamento dos players do mercado, produ\u00e7\u00e3o de energia e novas fronteiras agr\u00edcolas. <\/p>\n<p>Outra novidade do TecnoCampo \u00e9 a realiza\u00e7\u00e3o do evento em dois dias. Este formato atende sugest\u00e3o de pessoas que estiveram no TecnoCampo do ano passado e em outros eventos da Funda\u00e7\u00e3o MT. &#8220;Planejamos este evento com base na pesquisa feita. Estamos contemplando as necessidades regionais dos produtores&#8221;, explica a gestora de Marketing da Funda\u00e7\u00e3o MT.<\/p>\n<p>Desta forma, os participantes receber\u00e3o na C\u00e9lula Estudo de Caso informa\u00e7\u00f5es sobre doen\u00e7as, pragas, tecnologia de aplica\u00e7\u00e3o, cultivares transg\u00eanicas, nutri\u00e7\u00e3o e aduba\u00e7\u00e3o, integra\u00e7\u00e3o lavoura-pecu\u00e1ria e nemat\u00f3ides de cisto. &#8220;Todos estes temas foram sugeridos pelos entrevistados na pesquisa&#8221;. <\/p>\n<p>Na C\u00e9lula de M\u00e1quinas, os participantes ver\u00e3o as m\u00e1quinas agr\u00edcolas em funcionamento. Na de Agroqu\u00edmicos, poder\u00e3o observar as novidades em insumos e defensivos agr\u00edcolas. Na C\u00e9lula de Cultivares poder\u00e3o analisar as variedades transg\u00eanicas plantadas. Conforme Silvia, estas c\u00e9lulas mostram no campo toda a teoria. <\/p>\n<p>A primeira etapa do TecnoCampo 2007 acontecer\u00e1 nos dias 26 e 27 de janeiro na regi\u00e3o M\u00e9dio-norte, na cidade de Sorriso. Na segunda, o evento ser\u00e1 realizado na regi\u00e3o do Parecis, em Campo Novo do Parecis nos dias 09 e 10 de fevereiro. A terceira etapa contemplar\u00e1 produtores da regi\u00e3o Sudeste do estado nos dias 02 e 03 de mar\u00e7o, no munic\u00edpio de Campo Verde. A quarta etapa do TecnoCampo 2007 ser\u00e1 promovida na regi\u00e3o do Vale do Araguaia, em Canarana no dia 17 de mar\u00e7o. A \u00faltima etapa do evento ser\u00e1 realizada na regi\u00e3o Sul, em Rondon\u00f3polis, nos dias 30 e 31 de mar\u00e7o.<\/p>\n<p><B>Fonte:<\/b> ACS Funda\u00e7\u00e3o MT<\/p>\n","protected":false},"excerpt":{"rendered":"<p>Todas as regi\u00f5es produtoras de Mato Grosso ser\u00e3o palco do evento que tem foco no produtor rural e na tecnologia agr\u00edcola. Abrindo o calend\u00e1rio anual de eventos da Funda\u00e7\u00e3o MT, come\u00e7a, em janeiro, o TecnoCampo 2007 com uma programa\u00e7\u00e3o intensa e diversificada. Dentre as novidades da pr\u00f3xima edi\u00e7\u00e3o do evento est\u00e1 a C\u00e9lula de Conviv\u00eancia, [&hellip;]<\/p>\n","protected":false},"author":1,"featured_media":0,"comment_status":"open","ping_status":"open","sticky":false,"template":"","format":"standard","meta":{"footnotes":""},"categories":[1],"tags":[],"class_list":["post-7341","post","type-post","status-publish","format-standard","hentry","category-noticias"],"acf":[],"_links":{"self":[{"href":"https:\/\/www.crea-mt.org.br\/portal\/wp-json\/wp\/v2\/posts\/7341","targetHints":{"allow":["GET"]}}],"collection":[{"href":"https:\/\/www.crea-mt.org.br\/portal\/wp-json\/wp\/v2\/posts"}],"about":[{"href":"https:\/\/www.crea-mt.org.br\/portal\/wp-json\/wp\/v2\/types\/post"}],"author":[{"embeddable":true,"href":"https:\/\/www.crea-mt.org.br\/portal\/wp-json\/wp\/v2\/users\/1"}],"replies":[{"embeddable":true,"href":"https:\/\/www.crea-mt.org.br\/portal\/wp-json\/wp\/v2\/comments?post=7341"}],"version-history":[{"count":0,"href":"https:\/\/www.crea-mt.org.br\/portal\/wp-json\/wp\/v2\/posts\/7341\/revisions"}],"wp:attachment":[{"href":"https:\/\/www.crea-mt.org.br\/portal\/wp-json\/wp\/v2\/media?parent=7341"}],"wp:term":[{"taxonomy":"category","embeddable":true,"href":"https:\/\/www.crea-mt.org.br\/portal\/wp-json\/wp\/v2\/categories?post=7341"},{"taxonomy":"post_tag","embeddable":true,"href":"https:\/\/www.crea-mt.org.br\/portal\/wp-json\/wp\/v2\/tags?post=7341"}],"curies":[{"name":"wp","href":"https:\/\/api.w.org\/{rel}","templated":true}]}}