{"id":7340,"date":"2007-01-12T00:00:00","date_gmt":"2007-01-12T02:00:00","guid":{"rendered":"https:\/\/crea-mt.org.br\/portal\/inscricoes-para-congresso-brasileiro-de-sementes\/"},"modified":"2007-01-12T00:00:00","modified_gmt":"2007-01-12T02:00:00","slug":"inscricoes-para-congresso-brasileiro-de-sementes","status":"publish","type":"post","link":"https:\/\/www.crea-mt.org.br\/portal\/inscricoes-para-congresso-brasileiro-de-sementes\/","title":{"rendered":"Inscri\u00e7\u00f5es para Congresso Brasileiro de Sementes"},"content":{"rendered":"<p>Quem quiser participar dos maiores eventos (internacional e nacional)sobre qualidade de sementes, e ainda pagando at\u00e9 35% menos na inscri\u00e7\u00e3o, tem que se apressar. De 05 a 11 de maio deste ano, Foz do Igua\u00e7u (PR) ser\u00e1 sede do 28th ISTA CONGRESS (congresso promovido pela Associa\u00e7\u00e3o Internacional de Teste de Sementes &#8211; ISTA) e o XV CONGRESSO BRASILEIRO DE SEMENTES (promovido pela Associa\u00e7\u00e3o Brasileira de Tecnologia de Sementes &#8211; ABRATES). <\/p>\n<p>S\u00f3 no Brasil, o neg\u00f3cio de sementes movimenta mais de tr\u00eas bilh\u00f5es de reais, anualmente. S\u00e3o cerca de 3.500 profissionais envolvidos na pesquisa e controle, desde as lavouras at\u00e9 os laborat\u00f3rios, para que as sementes oferecidas no mercado tenham sua qualidade garantida. A realiza\u00e7\u00e3o conjunta dos congressos entre a ISTA e a ABRATES visa a inserir os t\u00e9cnicos brasileiros do setor na comunidade internacional. <\/p>\n<p>As informa\u00e7\u00f5es trocadas com especialistas de outros pa\u00edses tamb\u00e9m ir\u00e3o contribuir para aumentar o n\u00famero de laborat\u00f3rios brasileiros credenciados para emitirem o certificado internacional de qualidade de sementes. Isso permitir\u00e1 ao Brasil exportar mais sementes das variedades melhoradas, com a qualifica\u00e7\u00e3o profissional exigida pelo mercado externo. Hoje, no pa\u00eds, apenas uma empresa (a Matsuda, de Presidente Prudente, SP) possui laborat\u00f3rio credenciado para certifica\u00e7\u00e3o internacional de sementes. <\/p>\n<p>O evento conjunto (28th ISTA CONGRESS e XV CONGRESSO BRASILEIRO DE SEMENTES) ser\u00e1 dividido em tr\u00eas etapas consecutivas: dois dias destinados \u00e0s reuni\u00f5es dos comit\u00eas t\u00e9cnicos; tr\u00eas dias de semin\u00e1rio, em que ser\u00e3o apresentados, por especialistas de renome internacional, temas sobre produ\u00e7\u00e3o, fisiologia, biotecnologia, sanidade e tecnologia de sementes; e dois dias para ado\u00e7\u00e3o das modifica\u00e7\u00f5es acordadas para as Regras de An\u00e1lise de Sementes. <\/p>\n<p>As inscri\u00e7\u00f5es estar\u00e3o abertas at\u00e9 a data do congresso, e podem ser feitas pelo site www.abrates.org.br\/congress\/pt\/ . Mas o prazo para obter desconto de at\u00e9 35% encerra na pr\u00f3xima segunda-feira (15\/01).<\/p>\n<p><B>Fonte: <\/B>24 Horas News<\/p>\n","protected":false},"excerpt":{"rendered":"<p>Quem quiser participar dos maiores eventos (internacional e nacional)sobre qualidade de sementes, e ainda pagando at\u00e9 35% menos na inscri\u00e7\u00e3o, tem que se apressar. De 05 a 11 de maio deste ano, Foz do Igua\u00e7u (PR) ser\u00e1 sede do 28th ISTA CONGRESS (congresso promovido pela Associa\u00e7\u00e3o Internacional de Teste de Sementes &#8211; ISTA) e o [&hellip;]<\/p>\n","protected":false},"author":1,"featured_media":0,"comment_status":"open","ping_status":"open","sticky":false,"template":"","format":"standard","meta":{"footnotes":""},"categories":[1],"tags":[],"class_list":["post-7340","post","type-post","status-publish","format-standard","hentry","category-noticias"],"acf":[],"_links":{"self":[{"href":"https:\/\/www.crea-mt.org.br\/portal\/wp-json\/wp\/v2\/posts\/7340","targetHints":{"allow":["GET"]}}],"collection":[{"href":"https:\/\/www.crea-mt.org.br\/portal\/wp-json\/wp\/v2\/posts"}],"about":[{"href":"https:\/\/www.crea-mt.org.br\/portal\/wp-json\/wp\/v2\/types\/post"}],"author":[{"embeddable":true,"href":"https:\/\/www.crea-mt.org.br\/portal\/wp-json\/wp\/v2\/users\/1"}],"replies":[{"embeddable":true,"href":"https:\/\/www.crea-mt.org.br\/portal\/wp-json\/wp\/v2\/comments?post=7340"}],"version-history":[{"count":0,"href":"https:\/\/www.crea-mt.org.br\/portal\/wp-json\/wp\/v2\/posts\/7340\/revisions"}],"wp:attachment":[{"href":"https:\/\/www.crea-mt.org.br\/portal\/wp-json\/wp\/v2\/media?parent=7340"}],"wp:term":[{"taxonomy":"category","embeddable":true,"href":"https:\/\/www.crea-mt.org.br\/portal\/wp-json\/wp\/v2\/categories?post=7340"},{"taxonomy":"post_tag","embeddable":true,"href":"https:\/\/www.crea-mt.org.br\/portal\/wp-json\/wp\/v2\/tags?post=7340"}],"curies":[{"name":"wp","href":"https:\/\/api.w.org\/{rel}","templated":true}]}}