{"id":7339,"date":"2007-01-12T00:00:00","date_gmt":"2007-01-12T02:00:00","guid":{"rendered":"https:\/\/crea-mt.org.br\/portal\/mt-ganha-mais-uma-industria-de-biodiesel\/"},"modified":"2007-01-12T00:00:00","modified_gmt":"2007-01-12T02:00:00","slug":"mt-ganha-mais-uma-industria-de-biodiesel","status":"publish","type":"post","link":"https:\/\/www.crea-mt.org.br\/portal\/mt-ganha-mais-uma-industria-de-biodiesel\/","title":{"rendered":"MT ganha mais uma ind\u00fastria de Biodiesel"},"content":{"rendered":"<p>Depois de receber a primeira usina, inaugurada em novembro \u00faltimo no munic\u00edpio de Barra do Bugres (168 Km a M\u00e9dio-Norte da Capital), o Estado de Mato Grosso ganha mais uma ind\u00fastria de biodiesel. Com previs\u00e3o de inaugurar sua planta industrial no pr\u00f3ximo m\u00eas de mar\u00e7o no munic\u00edpio de Campo Verde (131 Km ao Sul de Cuiab\u00e1), a empresa Biocamp pretende investir R$ 20 milh\u00f5es no empreendimento e inicialmente produzir cerca de 50 milh\u00f5es de litros de biodiesel, a partir de \u00f3leos vegetais e gordura animal, com perspectivas de atingir 100 milh\u00f5es de litros em um ano de atividade. <\/p>\n<p>A informa\u00e7\u00e3o \u00e9 de um dos diretores da empresa, Ari Nedef, que acompanhou o prefeito de Campo Verde, Dimorvan Alencar Brescancim em audi\u00eancia com o governador Blairo Maggi, na manh\u00e3 desta sexta-feira (12.01). A comitiva, liderada pelo prefeito, contou ainda com a presen\u00e7a de Olavo P\u00edton e Wanderley Mantovani, tamb\u00e9m diretores da Biocamp; o secret\u00e1rio municipal de Ind\u00fastria e Com\u00e9rcio de Campo Verde, Edmilson Otake, e o presidente da C\u00e2mara Municipal, Geraldo Ara\u00fajo. <\/p>\n<p>&#8220;Nesta audi\u00eancia viemos convidar formalmente o governador para a inaugura\u00e7\u00e3o da ind\u00fastria e solicitar seu empenho na tentativa de trazer o presidente Lula para o evento&#8221;, afirmou Dimorvan Brescancim. De acordo com ele, a instala\u00e7\u00e3o da ind\u00fastria vai proporcionar 60 empregos diretos. <\/p>\n<p>&#8220;Al\u00e9m disso, aproximadamente 700 fam\u00edlias de agricultores familiares estar\u00e3o envolvidas no empreendimento. Estamos incentivando a produ\u00e7\u00e3o de pinh\u00e3o manso, oferecendo a essas fam\u00edlias 100 quilos de sementes para o plantio, mas j\u00e1 temos 500 hectares de girassol garantidos como mat\u00e9ria prima a ser ofertada \u00e0 Biocamp&#8221;, destacou Brescancim. <\/p>\n<p>Incentivos<br \/>\nUm dos itens que mais oneram a produ\u00e7\u00e3o agr\u00edcola em Mato Grosso \u00e9 o \u00f3leo diesel e, nesse contexto, o biodiesel vem para esse mercado como uma nova alternativa na redu\u00e7\u00e3o das despesas finais. Para auxiliar no incentivo a novas iniciativas de produ\u00e7\u00e3o de biodiesel no Estado, al\u00e9m das propostas encaminhadas ao Programa de Desenvolvimento Industrial e Comercial (Prodeic), gerido pela Secretaria Estadual de Ind\u00fastria, Com\u00e9rcio, Minas e Energia (Sicme), o Governo prop\u00f4s a isen\u00e7\u00e3o de ICMS para opera\u00e7\u00f5es de presta\u00e7\u00e3o de servi\u00e7o daqueles produtores de soja ou girassol que queiram, por exemplo, beneficiar as oleaginosas em empresas processadoras de \u00f3leo. <\/p>\n<p>A Sicme tem atualmente 14 projetos no Prodeic para a instala\u00e7\u00e3o de usinas de biodiesel em diferentes regi\u00f5es do Estado, cuja previs\u00e3o ao longo de suas implanta\u00e7\u00f5es ter\u00e3o capacidade de produ\u00e7\u00e3o de aproximadamente 836 milh\u00f5es de litros do combust\u00edvel, oriundos principalmente de \u00f3leos vegetais. Desses 14 projetos, o primeiro j\u00e1 concretizado foi a usina Barralcool, que passa a operar inicialmente com gr\u00e3o do soja e, posteriormente, com outras oleaginosas, como pinh\u00e3o manso e girassol, tamb\u00e9m fornecidos por pequenos agricultores. A Biocamp \u00e9 o segundo empreendimento beneficiado pelo programa de incentivos do Estado. <\/p>\n<p>Na ocasi\u00e3o da inaugura\u00e7\u00e3o da usina da Barralcool, em Barra do Bugres, o governador Blairo Maggi manifestou sua confian\u00e7a nesta nova alternativa energ\u00e9tica, ressaltando a parceria necess\u00e1ria entre os Governos do Estado e Federal para viabilizar as condi\u00e7\u00f5es de sua produ\u00e7\u00e3o em larga escala. <\/p>\n<p>&#8220;Precisamos nos empenhar mais nos pr\u00f3ximos quatro anos, juntos, Estados e Governo Federal, para fazer nosso Pa\u00eds andar e com determina\u00e7\u00e3o e vontade faz\u00ea-lo crescer a taxas de 6% a 7%&#8221;, observou o governador.<\/p>\n<p><B>Fonte: <\/B>www.primeirahora.com.br<\/p>\n","protected":false},"excerpt":{"rendered":"<p>Depois de receber a primeira usina, inaugurada em novembro \u00faltimo no munic\u00edpio de Barra do Bugres (168 Km a M\u00e9dio-Norte da Capital), o Estado de Mato Grosso ganha mais uma ind\u00fastria de biodiesel. Com previs\u00e3o de inaugurar sua planta industrial no pr\u00f3ximo m\u00eas de mar\u00e7o no munic\u00edpio de Campo Verde (131 Km ao Sul de [&hellip;]<\/p>\n","protected":false},"author":1,"featured_media":0,"comment_status":"open","ping_status":"open","sticky":false,"template":"","format":"standard","meta":{"footnotes":""},"categories":[1],"tags":[],"class_list":["post-7339","post","type-post","status-publish","format-standard","hentry","category-noticias"],"acf":[],"_links":{"self":[{"href":"https:\/\/www.crea-mt.org.br\/portal\/wp-json\/wp\/v2\/posts\/7339","targetHints":{"allow":["GET"]}}],"collection":[{"href":"https:\/\/www.crea-mt.org.br\/portal\/wp-json\/wp\/v2\/posts"}],"about":[{"href":"https:\/\/www.crea-mt.org.br\/portal\/wp-json\/wp\/v2\/types\/post"}],"author":[{"embeddable":true,"href":"https:\/\/www.crea-mt.org.br\/portal\/wp-json\/wp\/v2\/users\/1"}],"replies":[{"embeddable":true,"href":"https:\/\/www.crea-mt.org.br\/portal\/wp-json\/wp\/v2\/comments?post=7339"}],"version-history":[{"count":0,"href":"https:\/\/www.crea-mt.org.br\/portal\/wp-json\/wp\/v2\/posts\/7339\/revisions"}],"wp:attachment":[{"href":"https:\/\/www.crea-mt.org.br\/portal\/wp-json\/wp\/v2\/media?parent=7339"}],"wp:term":[{"taxonomy":"category","embeddable":true,"href":"https:\/\/www.crea-mt.org.br\/portal\/wp-json\/wp\/v2\/categories?post=7339"},{"taxonomy":"post_tag","embeddable":true,"href":"https:\/\/www.crea-mt.org.br\/portal\/wp-json\/wp\/v2\/tags?post=7339"}],"curies":[{"name":"wp","href":"https:\/\/api.w.org\/{rel}","templated":true}]}}