{"id":7337,"date":"2007-01-15T00:00:00","date_gmt":"2007-01-15T02:00:00","guid":{"rendered":"https:\/\/crea-mt.org.br\/portal\/el-nino-e-seus-efeitos-na-agricultura\/"},"modified":"2007-01-15T00:00:00","modified_gmt":"2007-01-15T02:00:00","slug":"el-nino-e-seus-efeitos-na-agricultura","status":"publish","type":"post","link":"https:\/\/www.crea-mt.org.br\/portal\/el-nino-e-seus-efeitos-na-agricultura\/","title":{"rendered":"El Ni\u00f1o e seus efeitos na agricultura"},"content":{"rendered":"<p>Rosemeire Critina dos Santos \u00e9 assessora t\u00e9cnica da CNA<br \/>\nO mundo enfrenta este ano mais uma vez o fen\u00f4meno El Ni\u00f1o &#8211; aquecimento an\u00f4malo das \u00e1guas superficiais na por\u00e7\u00e3o leste e central do oceano Pac\u00edfico equatorial que afeta o clima regional e global e muda a circula\u00e7\u00e3o geral da atmosfera, sendo um dos respons\u00e1veis por per\u00edodos considerados secos ou muito secos. <\/p>\n<p>A assessora t\u00e9cnica da Confedera\u00e7\u00e3o da Agricultura e Pecu\u00e1ria do Brasil (CNA) Rosemeire Cristina dos Santos explicou, em entrevista \u00e0 Ag\u00eancia CNA, as conseq\u00fc\u00eancias que esse fen\u00f4meno pode causar na agricultura. Segundo ela, o El Ni\u00f1o agrava as condi\u00e7\u00f5es clim\u00e1ticas. No Brasil, a expectativa \u00e9 de que no Norte e Nordeste a seca seja mais severa e nas demais regi\u00f5es as chuvas podem ocorrer acima da m\u00e9dia.  <\/p>\n<p><B>Quais s\u00e3o as conseq\u00fc\u00eancias do aumento de chuva para a agricultura brasileira?<\/B><\/p>\n<p>A chuva em excesso gera perdas na agricultura, tanto em produtividade quanto em qualidade do produto colhido. Tamb\u00e9m eleva os custos log\u00edsticos, uma vez que as condi\u00e7\u00f5es de tr\u00e1fego ficam piores, aumentando o n\u00famero de manuten\u00e7\u00e3o nas frotas e o tempo m\u00e9dio de escoamento dos produtos. <\/p>\n<p>Na regi\u00e3o Sudeste, a produ\u00e7\u00e3o de hortifruti j\u00e1 est\u00e1 comprometida, gerando perdas para o produtor e aumento de pre\u00e7os para o consumidor. Isso porque o aumento da chuva, seguido do aumento da temperatura, gera perda do produto, reduzindo a oferta ao mercado. A produ\u00e7\u00e3o de leite tamb\u00e9m passa por dificuldades na regi\u00e3o, pois com o agravamento das condi\u00e7\u00f5es log\u00edsticas h\u00e1 dificuldades para escoar a produ\u00e7\u00e3o leiteira. <\/p>\n<p>No Centro-Oeste, o per\u00edodo chuvoso, seguido de um per\u00edodo de calor, \u00e9 prop\u00edcio ao desenvolvimento da ferrugem asi\u00e1tica. Tamb\u00e9m a chuva em excesso dificulta o controle da doen\u00e7a, pois inviabiliza o trabalho a campo para pulveriza\u00e7\u00e3o e diminui a efic\u00e1cia dos defensivos utilizados para controle. <\/p>\n<p><B>A previs\u00e3o clim\u00e1tica feita pelo Instituto Nacional de Meteorologia (Inmet) para a regi\u00e3o Sul \u00e9 de chuva pr\u00f3xima \u00e0 m\u00e9dia hist\u00f3rica, com temperaturas mais elevadas, acima do normal. O que deve acontecer nessa localidade se as chuvas aumentarem?<\/B> <\/p>\n<p>At\u00e9 o momento, a chuva tem sido ben\u00e9fica \u00e0 regi\u00e3o Sul. Contudo, se a chuva se prolongar no per\u00edodo de colheita das lavouras, pode atrapalhar os trabalhos a campo, gerando perda de produtividade e qualidade dos produtos. J\u00e1 as temperaturas acima da m\u00e9dia podem trazer benef\u00edcios para a cultura do trigo, pois diminuem a possibilidade de geadas durante a safra dessa cultura. <\/p>\n<p><B>As principais culturas da Regi\u00e3o Centro-Oeste s\u00e3o soja, milho, algod\u00e3o e arroz. O que deve acontecer com elas sob os efeitos do El Ni\u00f1o?<\/B><\/p>\n<p>Nessa regi\u00e3o as chuvas t\u00eam sido ben\u00e9ficas e inclusive adiantaram os trabalhos a campo durante a fase de plantio da soja. Da mesma forma que a regi\u00e3o Sul, chuvas intensas no per\u00edodo de colheita podem gerar perdas e dificultar o escoamento. Na regi\u00e3o Centro-Oeste esta situa\u00e7\u00e3o ainda \u00e9 mais grave. As condi\u00e7\u00f5es de tr\u00e1fego das estradas s\u00e3o piores e os pre\u00e7os dos fretes j\u00e1 s\u00e3o elevados.<\/p>\n<p>Para o milho segunda safra, como os pre\u00e7os no mercado internacional est\u00e3o bons, a expectativa \u00e9 de que haja aumento da \u00e1rea plantada. As chuvas, nesse caso, seriam extremamente necess\u00e1rias ao bom desenvolvimento e produtividade dessas lavouras. Isso se repete para o algod\u00e3o. <\/p>\n<p>De forma geral, a chuva sempre \u00e9 uma faca de dois gumes. Quando falta, gera perda. Quando em excesso, propicia o desenvolvimento de doen\u00e7as e perdas de qualidade da produ\u00e7\u00e3o. <\/p>\n<p><B>A previs\u00e3o \u00e9 de seca para o Norte e Nordeste. As culturas dessas \u00e1reas est\u00e3o amea\u00e7adas?<\/B><\/p>\n<p>A irregularidade das chuvas nas regi\u00f5es Norte e Nordeste \u00e9 um dos fatores limitantes ao desenvolvimento da agricultura, gerando grandes perda de renda para o produtor dessas regi\u00f5es. Hoje tem se observado a incid\u00eancia da ferrugem asi\u00e1tica nas lavouras da Bahia, sendo seu controle dificultado pelo clima. Contudo, sem perdas expressivas. No Norte, h\u00e1 fruticultura irrigada, que n\u00e3o corre risco aparente com o El Ni\u00f1o. O per\u00edodo de seca pode at\u00e9 melhorar a qualidade da produ\u00e7\u00e3o.<\/p>\n<p><B>Fonte :<\/B> Ag\u00eancia CNA<\/p>\n","protected":false},"excerpt":{"rendered":"<p>Rosemeire Critina dos Santos \u00e9 assessora t\u00e9cnica da CNA O mundo enfrenta este ano mais uma vez o fen\u00f4meno El Ni\u00f1o &#8211; aquecimento an\u00f4malo das \u00e1guas superficiais na por\u00e7\u00e3o leste e central do oceano Pac\u00edfico equatorial que afeta o clima regional e global e muda a circula\u00e7\u00e3o geral da atmosfera, sendo um dos respons\u00e1veis por [&hellip;]<\/p>\n","protected":false},"author":1,"featured_media":0,"comment_status":"open","ping_status":"open","sticky":false,"template":"","format":"standard","meta":{"footnotes":""},"categories":[1],"tags":[],"class_list":["post-7337","post","type-post","status-publish","format-standard","hentry","category-noticias"],"acf":[],"_links":{"self":[{"href":"https:\/\/www.crea-mt.org.br\/portal\/wp-json\/wp\/v2\/posts\/7337","targetHints":{"allow":["GET"]}}],"collection":[{"href":"https:\/\/www.crea-mt.org.br\/portal\/wp-json\/wp\/v2\/posts"}],"about":[{"href":"https:\/\/www.crea-mt.org.br\/portal\/wp-json\/wp\/v2\/types\/post"}],"author":[{"embeddable":true,"href":"https:\/\/www.crea-mt.org.br\/portal\/wp-json\/wp\/v2\/users\/1"}],"replies":[{"embeddable":true,"href":"https:\/\/www.crea-mt.org.br\/portal\/wp-json\/wp\/v2\/comments?post=7337"}],"version-history":[{"count":0,"href":"https:\/\/www.crea-mt.org.br\/portal\/wp-json\/wp\/v2\/posts\/7337\/revisions"}],"wp:attachment":[{"href":"https:\/\/www.crea-mt.org.br\/portal\/wp-json\/wp\/v2\/media?parent=7337"}],"wp:term":[{"taxonomy":"category","embeddable":true,"href":"https:\/\/www.crea-mt.org.br\/portal\/wp-json\/wp\/v2\/categories?post=7337"},{"taxonomy":"post_tag","embeddable":true,"href":"https:\/\/www.crea-mt.org.br\/portal\/wp-json\/wp\/v2\/tags?post=7337"}],"curies":[{"name":"wp","href":"https:\/\/api.w.org\/{rel}","templated":true}]}}