{"id":7333,"date":"2007-01-15T00:00:00","date_gmt":"2007-01-15T02:00:00","guid":{"rendered":"https:\/\/crea-mt.org.br\/portal\/lei-do-saneamento-basico-ficou-incompleta\/"},"modified":"2007-01-15T00:00:00","modified_gmt":"2007-01-15T02:00:00","slug":"lei-do-saneamento-basico-ficou-incompleta","status":"publish","type":"post","link":"https:\/\/www.crea-mt.org.br\/portal\/lei-do-saneamento-basico-ficou-incompleta\/","title":{"rendered":"Lei do Saneamento B\u00e1sico ficou incompleta"},"content":{"rendered":"<p>Altera\u00e7\u00f5es no projeto original da Lei do Saneamento B\u00e1sico exclu\u00edram instrumentos importantes para a melhoria da qualidade de vida da popula\u00e7\u00e3o, acredita o assessor de saneamento da Federa\u00e7\u00e3o Nacional dos Urbanit\u00e1rios (FNU) Edson Aparecido da Silva. <\/p>\n<p>Uma das altera\u00e7\u00f5es foi a falta de men\u00e7\u00e3o a instrumentos de defesa do consumidor. &#8220;Isso para n\u00f3s \u00e9 ruim, porque a vers\u00e3o da lei que foi discutida antes da lei aprovada colocava o C\u00f3digo de Defesa do Consumidor como um instrumento importante na lei&#8221;, afirma o assessor. <\/p>\n<p>Edson da Silva tamb\u00e9m cita a aus\u00eancia na lei de um artigo que trata da cria\u00e7\u00e3o de um programa de recupera\u00e7\u00e3o, revitaliza\u00e7\u00e3o e fortalecimento dos operadores p\u00fablicos de saneamento. &#8220;Essa era uma proposta que chegou a ser veiculada logo no inicio das discuss\u00f5es, deu origem ao projeto de lei apresentado pelo governo e depois acabou sendo retirada&#8221;, explica. <\/p>\n<p>Segundo o assessor, os vetos tamb\u00e9m introduziram modifica\u00e7\u00f5es importantes na lei. &#8220;A lei era uma coisa, e a lei com os vetos virou outra&#8221;, diz ele. Ele destaca o veto do presidente Luiz In\u00e1cio Lula da Silva ao artigo 54, que garantiria benef\u00edcios fiscais para as empresas que investissem no setor. <\/p>\n<p>&#8220;N\u00f3s achamos esse veto negativo. Ele dizia que os investimentos feitos em ativos permanentes e mobilizados no servi\u00e7o p\u00fablico de saneamento poderiam ser utilizados como cr\u00e9dito e ser descontado na contribui\u00e7\u00e3o de PIS e Cofins. Com o veto, essa possibilidade de ter um desconto acabou sendo anulada&#8221;, disse o assessor.<\/p>\n<p><B>Fonte: <\/B>www.olhardireto.com.br<\/p>\n","protected":false},"excerpt":{"rendered":"<p>Altera\u00e7\u00f5es no projeto original da Lei do Saneamento B\u00e1sico exclu\u00edram instrumentos importantes para a melhoria da qualidade de vida da popula\u00e7\u00e3o, acredita o assessor de saneamento da Federa\u00e7\u00e3o Nacional dos Urbanit\u00e1rios (FNU) Edson Aparecido da Silva. Uma das altera\u00e7\u00f5es foi a falta de men\u00e7\u00e3o a instrumentos de defesa do consumidor. &#8220;Isso para n\u00f3s \u00e9 ruim, [&hellip;]<\/p>\n","protected":false},"author":1,"featured_media":0,"comment_status":"open","ping_status":"open","sticky":false,"template":"","format":"standard","meta":{"footnotes":""},"categories":[1],"tags":[],"class_list":["post-7333","post","type-post","status-publish","format-standard","hentry","category-noticias"],"acf":[],"_links":{"self":[{"href":"https:\/\/www.crea-mt.org.br\/portal\/wp-json\/wp\/v2\/posts\/7333","targetHints":{"allow":["GET"]}}],"collection":[{"href":"https:\/\/www.crea-mt.org.br\/portal\/wp-json\/wp\/v2\/posts"}],"about":[{"href":"https:\/\/www.crea-mt.org.br\/portal\/wp-json\/wp\/v2\/types\/post"}],"author":[{"embeddable":true,"href":"https:\/\/www.crea-mt.org.br\/portal\/wp-json\/wp\/v2\/users\/1"}],"replies":[{"embeddable":true,"href":"https:\/\/www.crea-mt.org.br\/portal\/wp-json\/wp\/v2\/comments?post=7333"}],"version-history":[{"count":0,"href":"https:\/\/www.crea-mt.org.br\/portal\/wp-json\/wp\/v2\/posts\/7333\/revisions"}],"wp:attachment":[{"href":"https:\/\/www.crea-mt.org.br\/portal\/wp-json\/wp\/v2\/media?parent=7333"}],"wp:term":[{"taxonomy":"category","embeddable":true,"href":"https:\/\/www.crea-mt.org.br\/portal\/wp-json\/wp\/v2\/categories?post=7333"},{"taxonomy":"post_tag","embeddable":true,"href":"https:\/\/www.crea-mt.org.br\/portal\/wp-json\/wp\/v2\/tags?post=7333"}],"curies":[{"name":"wp","href":"https:\/\/api.w.org\/{rel}","templated":true}]}}