{"id":7332,"date":"2007-01-15T00:00:00","date_gmt":"2007-01-15T02:00:00","guid":{"rendered":"https:\/\/crea-mt.org.br\/portal\/amazoniadesenvolvimento-sustentavel-do-agronegocio\/"},"modified":"2007-01-15T00:00:00","modified_gmt":"2007-01-15T02:00:00","slug":"amazoniadesenvolvimento-sustentavel-do-agronegocio","status":"publish","type":"post","link":"https:\/\/www.crea-mt.org.br\/portal\/amazoniadesenvolvimento-sustentavel-do-agronegocio\/","title":{"rendered":"Amaz\u00f4nia:desenvolvimento sustent\u00e1vel do agroneg\u00f3cio"},"content":{"rendered":"<p>O Minist\u00e9rio do Desenvolvimento Agr\u00e1rio apresentar\u00e1 nas pr\u00f3ximas semanas um plano de desenvolvimento espec\u00edfico para o agroneg\u00f3cio no bioma amaz\u00f4nico.  O ponto central da iniciativa refor\u00e7a uma recomenda\u00e7\u00e3o antiga de pesquisadores e movimentos socioambientais, qual seja o reaproveitamento de \u00e1reas j\u00e1 desmatadas para o plantio.<\/p>\n<p>Segundo pretende o minist\u00e9rio, a medida deve desestimular o avan\u00e7o da fronteira agr\u00edcola e os novos desmatamentos decorrentes desse processo, al\u00e9m de incentivar atividades produtivas sustent\u00e1veis como o extrativismo.  O Plano Executivo de Desenvolvimento Sustent\u00e1vel do Agroneg\u00f3cio na Amaz\u00f4nia Legal (PDSA) \u00e9 concretiza\u00e7\u00e3o das a\u00e7\u00f5es de um Grupo Executivo criado em 2005 para assessorar o ent\u00e3o ministro Roberto Rodrigues nas quest\u00f5es pertinentes ao desenvolvimento sustent\u00e1vel na Amaz\u00f4nia.  O grupo \u00e9 composto por agentes do governo e de institui\u00e7\u00f5es n\u00e3o governamentais como a Empresa Brasileira de Pesquisa Agropecu\u00e1ria (Embrapa).<\/p>\n<p>O PDSA identificou uma s\u00e9rie de limita\u00e7\u00f5es \u00e0 sustentabilidade do agroneg\u00f3cio na regi\u00e3o amaz\u00f4nica como o baixo n\u00edvel de organiza\u00e7\u00e3o dos produtores, pol\u00edticas p\u00fablicas descomprometidas com o meio ambiente, a baixa disponibilidade local de conhecimentos t\u00e9cnicos e gerenciais e o caos fundi\u00e1rio que estimula a grilagem, um dos principais vetores do desmatamento.<\/p>\n<p>No plano geral, a iniciativa visa adequar as pol\u00edticas p\u00fablicas do minist\u00e9rio \u00e0s potencialidades e necessidades da regi\u00e3o.  As medidas concretas envolver\u00e3o um projeto de capacita\u00e7\u00e3o de produtores, um projeto de agrega\u00e7\u00e3o de valor e marketing para produtos regionais de origem sustent\u00e1vel, incentivo a inova\u00e7\u00f5es tecnol\u00f3gicas menos danosas ao meio ambiente, entre outros direcionamentos.<\/p>\n<p>Segundo declarou \u00e0 Ag\u00eancia Brasil um dos organizadores do plano, M\u00e1rcio Porto Carneiro &#8220;O foco principal do plano, na verdade, \u00e9 agregar valor aos produtos naturais, que s\u00e3o a fonte de vida daquelas popula\u00e7\u00f5es, sem a introdu\u00e7\u00e3o de culturas ex\u00f3ticas ou estranhas \u00e0s culturas locais&#8221;.<\/p>\n<p><B>Fonte: <\/B>www.amazonia.org.br<\/p>\n","protected":false},"excerpt":{"rendered":"<p>O Minist\u00e9rio do Desenvolvimento Agr\u00e1rio apresentar\u00e1 nas pr\u00f3ximas semanas um plano de desenvolvimento espec\u00edfico para o agroneg\u00f3cio no bioma amaz\u00f4nico. O ponto central da iniciativa refor\u00e7a uma recomenda\u00e7\u00e3o antiga de pesquisadores e movimentos socioambientais, qual seja o reaproveitamento de \u00e1reas j\u00e1 desmatadas para o plantio. Segundo pretende o minist\u00e9rio, a medida deve desestimular o avan\u00e7o [&hellip;]<\/p>\n","protected":false},"author":1,"featured_media":0,"comment_status":"open","ping_status":"open","sticky":false,"template":"","format":"standard","meta":{"footnotes":""},"categories":[1],"tags":[],"class_list":["post-7332","post","type-post","status-publish","format-standard","hentry","category-noticias"],"acf":[],"_links":{"self":[{"href":"https:\/\/www.crea-mt.org.br\/portal\/wp-json\/wp\/v2\/posts\/7332","targetHints":{"allow":["GET"]}}],"collection":[{"href":"https:\/\/www.crea-mt.org.br\/portal\/wp-json\/wp\/v2\/posts"}],"about":[{"href":"https:\/\/www.crea-mt.org.br\/portal\/wp-json\/wp\/v2\/types\/post"}],"author":[{"embeddable":true,"href":"https:\/\/www.crea-mt.org.br\/portal\/wp-json\/wp\/v2\/users\/1"}],"replies":[{"embeddable":true,"href":"https:\/\/www.crea-mt.org.br\/portal\/wp-json\/wp\/v2\/comments?post=7332"}],"version-history":[{"count":0,"href":"https:\/\/www.crea-mt.org.br\/portal\/wp-json\/wp\/v2\/posts\/7332\/revisions"}],"wp:attachment":[{"href":"https:\/\/www.crea-mt.org.br\/portal\/wp-json\/wp\/v2\/media?parent=7332"}],"wp:term":[{"taxonomy":"category","embeddable":true,"href":"https:\/\/www.crea-mt.org.br\/portal\/wp-json\/wp\/v2\/categories?post=7332"},{"taxonomy":"post_tag","embeddable":true,"href":"https:\/\/www.crea-mt.org.br\/portal\/wp-json\/wp\/v2\/tags?post=7332"}],"curies":[{"name":"wp","href":"https:\/\/api.w.org\/{rel}","templated":true}]}}