{"id":7331,"date":"2007-01-16T00:00:00","date_gmt":"2007-01-16T02:00:00","guid":{"rendered":"https:\/\/crea-mt.org.br\/portal\/chuvas-afastam-risco-de-racionamento-de-energia-2\/"},"modified":"2007-01-16T00:00:00","modified_gmt":"2007-01-16T02:00:00","slug":"chuvas-afastam-risco-de-racionamento-de-energia-2","status":"publish","type":"post","link":"https:\/\/www.crea-mt.org.br\/portal\/chuvas-afastam-risco-de-racionamento-de-energia-2\/","title":{"rendered":"Chuvas afastam risco de racionamento de energia"},"content":{"rendered":"<p>Os reservat\u00f3rios de \u00e1gua brasileiros est\u00e3o, em m\u00e9dia, 60% acima do seu volume \u00fatil, o que garante o abastecimento de energia neste ano, segundo o presidente da Empresa de Pesquisa Energ\u00e9tica do Minist\u00e9rio de Minas e Energia, Maur\u00edcio Tolmasquim.<\/p>\n<p>&#8220;A chuva trouxe tranq\u00fcilidade. Durante o racionamento, em 2000, 2001, por exemplo, o n\u00edvel de \u00e1gua, no mesmo per\u00edodo do ano, estava em torno de 30%. A metade do que \u00e9 agora&#8221;, disse Tolmasquim em entrevista \u00e0 R\u00e1dio Nacional.<\/p>\n<p>De acordo com ele, a expans\u00e3o da capacidade das usinas nos \u00faltimos quatro anos tamb\u00e9m ajuda a afastar o risco de racionamento de energia. &#8220;J\u00e1 temos, para o per\u00edodo de 2007 e 2010, 8,1 mil megawatts constru\u00eddos e 2,2 mil que poder\u00e3o ser constru\u00eddos. A situa\u00e7\u00e3o melhorou bastante.&#8221;<\/p>\n<p>O presidente da Empresa de Pesquisa Energ\u00e9tica destacou que, a partir de 2008, a oferta de g\u00e1s natural, usado como &#8220;combust\u00edvel&#8221; para as termoel\u00e9tricas, aumentar\u00e1 devido \u00e0 constru\u00e7\u00e3o de duas esta\u00e7\u00f5es de regaseifica\u00e7\u00e3o &#8211; ind\u00fastrias que transformam o g\u00e1s liquefeito, importado por meio dos navios, novamente em g\u00e1s.<\/p>\n<p>&#8220;Isso aumenta a produ\u00e7\u00e3o de g\u00e1s natural em cerca de 20 milh\u00f5es de metros c\u00fabicos por dia. Al\u00e9m disso, em 2009 haver\u00e1 um aumento da disponibilidade interna de g\u00e1s gra\u00e7as ao aumento da produ\u00e7\u00e3o da regi\u00e3o de Campos (RJ), do Esp\u00edrito Santo e de Santos&#8221;, disse Tolmasquim.<\/p>\n<p>&#8220;A regi\u00e3o Sudeste tem hoje uma disponibilidade interna de 16 milh\u00f5es de metros c\u00fabicos por dia. Vamos saltar no Brasil desses 16 milh\u00f5es para 40 milh\u00f5es no in\u00edcio de 2009&#8221;, afirmou.<\/p>\n<p><B>Fonte: <\/B> Folha Online<\/p>\n","protected":false},"excerpt":{"rendered":"<p>Os reservat\u00f3rios de \u00e1gua brasileiros est\u00e3o, em m\u00e9dia, 60% acima do seu volume \u00fatil, o que garante o abastecimento de energia neste ano, segundo o presidente da Empresa de Pesquisa Energ\u00e9tica do Minist\u00e9rio de Minas e Energia, Maur\u00edcio Tolmasquim. &#8220;A chuva trouxe tranq\u00fcilidade. Durante o racionamento, em 2000, 2001, por exemplo, o n\u00edvel de \u00e1gua, [&hellip;]<\/p>\n","protected":false},"author":1,"featured_media":0,"comment_status":"open","ping_status":"open","sticky":false,"template":"","format":"standard","meta":{"footnotes":""},"categories":[1],"tags":[],"class_list":["post-7331","post","type-post","status-publish","format-standard","hentry","category-noticias"],"acf":[],"_links":{"self":[{"href":"https:\/\/www.crea-mt.org.br\/portal\/wp-json\/wp\/v2\/posts\/7331","targetHints":{"allow":["GET"]}}],"collection":[{"href":"https:\/\/www.crea-mt.org.br\/portal\/wp-json\/wp\/v2\/posts"}],"about":[{"href":"https:\/\/www.crea-mt.org.br\/portal\/wp-json\/wp\/v2\/types\/post"}],"author":[{"embeddable":true,"href":"https:\/\/www.crea-mt.org.br\/portal\/wp-json\/wp\/v2\/users\/1"}],"replies":[{"embeddable":true,"href":"https:\/\/www.crea-mt.org.br\/portal\/wp-json\/wp\/v2\/comments?post=7331"}],"version-history":[{"count":0,"href":"https:\/\/www.crea-mt.org.br\/portal\/wp-json\/wp\/v2\/posts\/7331\/revisions"}],"wp:attachment":[{"href":"https:\/\/www.crea-mt.org.br\/portal\/wp-json\/wp\/v2\/media?parent=7331"}],"wp:term":[{"taxonomy":"category","embeddable":true,"href":"https:\/\/www.crea-mt.org.br\/portal\/wp-json\/wp\/v2\/categories?post=7331"},{"taxonomy":"post_tag","embeddable":true,"href":"https:\/\/www.crea-mt.org.br\/portal\/wp-json\/wp\/v2\/tags?post=7331"}],"curies":[{"name":"wp","href":"https:\/\/api.w.org\/{rel}","templated":true}]}}