{"id":7329,"date":"2007-01-16T00:00:00","date_gmt":"2007-01-16T02:00:00","guid":{"rendered":"https:\/\/crea-mt.org.br\/portal\/abertas-inscricoes-para-mestrado-na-fei\/"},"modified":"2007-01-16T00:00:00","modified_gmt":"2007-01-16T02:00:00","slug":"abertas-inscricoes-para-mestrado-na-fei","status":"publish","type":"post","link":"https:\/\/www.crea-mt.org.br\/portal\/abertas-inscricoes-para-mestrado-na-fei\/","title":{"rendered":"Abertas inscri\u00e7\u00f5es para mestrado na FEI"},"content":{"rendered":"<p>\nEst\u00e3o abertas as inscri\u00e7\u00f5es para os cursos de p\u00f3s-gradua\u00e7\u00e3o stricto sensu (mestrado) em Administra\u00e7\u00e3o, Engenharia El\u00e9trica e Engenharia Mec\u00e2nica do Centro Universit\u00e1rio da FEI (Funda\u00e7\u00e3o Educacional Inaciana). Para o mestrado em Engenharia Mec\u00e2nica ou El\u00e9trica, as inscri\u00e7\u00f5es devem ser feitas at\u00e9 o pr\u00f3ximo dia 26 no campus de S\u00e3o Bernardo (SP). J\u00e1 para o curso de Administra\u00e7\u00e3o, os interessados devem ir ao campus da Liberdade, em S\u00e3o Paulo, at\u00e9 o dia 2 de fevereiro. <\/p>\n<p>Mais informa\u00e7\u00f5es sobre os cursos podem ser obtidas no campus de S\u00e3o Bernardo, pelo telefone 4353-2910, no campus Liberdade (tel.: 3207-6800) ou no site da institui\u00e7\u00e3o, www.fei.edu.br\/mestrado.<\/p>\n<p><B>Fonte: <\/B>Rep\u00f3rter Di\u00e1rio<\/p>\n","protected":false},"excerpt":{"rendered":"<p>Est\u00e3o abertas as inscri\u00e7\u00f5es para os cursos de p\u00f3s-gradua\u00e7\u00e3o stricto sensu (mestrado) em Administra\u00e7\u00e3o, Engenharia El\u00e9trica e Engenharia Mec\u00e2nica do Centro Universit\u00e1rio da FEI (Funda\u00e7\u00e3o Educacional Inaciana). Para o mestrado em Engenharia Mec\u00e2nica ou El\u00e9trica, as inscri\u00e7\u00f5es devem ser feitas at\u00e9 o pr\u00f3ximo dia 26 no campus de S\u00e3o Bernardo (SP). J\u00e1 para o curso [&hellip;]<\/p>\n","protected":false},"author":1,"featured_media":0,"comment_status":"open","ping_status":"open","sticky":false,"template":"","format":"standard","meta":{"footnotes":""},"categories":[1],"tags":[],"class_list":["post-7329","post","type-post","status-publish","format-standard","hentry","category-noticias"],"acf":[],"_links":{"self":[{"href":"https:\/\/www.crea-mt.org.br\/portal\/wp-json\/wp\/v2\/posts\/7329","targetHints":{"allow":["GET"]}}],"collection":[{"href":"https:\/\/www.crea-mt.org.br\/portal\/wp-json\/wp\/v2\/posts"}],"about":[{"href":"https:\/\/www.crea-mt.org.br\/portal\/wp-json\/wp\/v2\/types\/post"}],"author":[{"embeddable":true,"href":"https:\/\/www.crea-mt.org.br\/portal\/wp-json\/wp\/v2\/users\/1"}],"replies":[{"embeddable":true,"href":"https:\/\/www.crea-mt.org.br\/portal\/wp-json\/wp\/v2\/comments?post=7329"}],"version-history":[{"count":0,"href":"https:\/\/www.crea-mt.org.br\/portal\/wp-json\/wp\/v2\/posts\/7329\/revisions"}],"wp:attachment":[{"href":"https:\/\/www.crea-mt.org.br\/portal\/wp-json\/wp\/v2\/media?parent=7329"}],"wp:term":[{"taxonomy":"category","embeddable":true,"href":"https:\/\/www.crea-mt.org.br\/portal\/wp-json\/wp\/v2\/categories?post=7329"},{"taxonomy":"post_tag","embeddable":true,"href":"https:\/\/www.crea-mt.org.br\/portal\/wp-json\/wp\/v2\/tags?post=7329"}],"curies":[{"name":"wp","href":"https:\/\/api.w.org\/{rel}","templated":true}]}}