{"id":7328,"date":"2007-01-16T00:00:00","date_gmt":"2007-01-16T02:00:00","guid":{"rendered":"https:\/\/crea-mt.org.br\/portal\/unioeste-especializacao-em-controle-de-qualidade\/"},"modified":"2007-01-16T00:00:00","modified_gmt":"2007-01-16T02:00:00","slug":"unioeste-especializacao-em-controle-de-qualidade","status":"publish","type":"post","link":"https:\/\/www.crea-mt.org.br\/portal\/unioeste-especializacao-em-controle-de-qualidade\/","title":{"rendered":"Unioeste: especializa\u00e7\u00e3o em Controle de Qualidade"},"content":{"rendered":"<p>\nForam abertas nesta segunda-feira (15) as inscri\u00e7\u00f5es para o processo seletivo do curso de p\u00f3s-Gradua\u00e7\u00e3o em Controle de Qualidade promovido pela Universidade Estadual do Oeste do Paran\u00e1 (Unioeste). O p\u00fablico-alvo da especializa\u00e7\u00e3o s\u00e3o graduados nos cursos de Farm\u00e1cia, Qu\u00edmica, Engenharia Qu\u00edmica, Qu\u00edmica Industrial, Engenharia de Alimentos, Agronomia, Medicina Veterin\u00e1ria, Nutri\u00e7\u00e3o, Tecnologia de Alimentos e \u00e1reas afins.<\/p>\n<p>S\u00e3o oferecidas 40 vagas, que ser\u00e3o preenchidas por meio de avalia\u00e7\u00e3o curricular. As inscri\u00e7\u00f5es terminam no dia 23 de fevereiro e a sele\u00e7\u00e3o ser\u00e1 realizada de 23 a 28 de fevereiro. A inscri\u00e7\u00e3o deve ser feita no Colegiado de Farm\u00e1cia da Unioeste, no Campus de Cascavel, das 8h30 \u00e0s 12h e das 13h30 \u00e0s 17h. O candidato dever\u00e1 apresentar c\u00f3pias autenticadas do diploma ou certificado de conclus\u00e3o de curso de gradua\u00e7\u00e3o, carteira de identidade e CPF, curriculum vitae e duas fotos 3&#215;4. O resultado da sele\u00e7\u00e3o ser\u00e1 divulgado no dia 1\u00ba de mar\u00e7o no Centro de Ci\u00eancias M\u00e9dicas e Farmac\u00eauticas, no Colegiado de Farm\u00e1cia e no site www.unioeste.br.<\/p>\n<p>A coordena\u00e7\u00e3o do curso \u00e9 da professora Sara Alves. Entre os objetivos do curso, a coordenadora destaca o aprofundamento em conhecimentos sobre controle de qualidade e o estudo dos conceitos b\u00e1sicos para um controle de qualidade efetivo. A id\u00e9ia dessa especializa\u00e7\u00e3o \u00e9 capacitar o profissional para o emprego das diferentes ferramentas atualizadas para um controle de qualidade efetivo. Mais informa\u00e7\u00f5es podem ser obtidas pelos telefones (45) 3220-3156 ou (45) 3220-3259.<\/p>\n<p><B>Fonte: <\/B>Ag\u00eancia Estadual de Not\u00edcias (Paran\u00e1)<\/p>\n","protected":false},"excerpt":{"rendered":"<p>Foram abertas nesta segunda-feira (15) as inscri\u00e7\u00f5es para o processo seletivo do curso de p\u00f3s-Gradua\u00e7\u00e3o em Controle de Qualidade promovido pela Universidade Estadual do Oeste do Paran\u00e1 (Unioeste). O p\u00fablico-alvo da especializa\u00e7\u00e3o s\u00e3o graduados nos cursos de Farm\u00e1cia, Qu\u00edmica, Engenharia Qu\u00edmica, Qu\u00edmica Industrial, Engenharia de Alimentos, Agronomia, Medicina Veterin\u00e1ria, Nutri\u00e7\u00e3o, Tecnologia de Alimentos e \u00e1reas [&hellip;]<\/p>\n","protected":false},"author":1,"featured_media":0,"comment_status":"open","ping_status":"open","sticky":false,"template":"","format":"standard","meta":{"footnotes":""},"categories":[1],"tags":[],"class_list":["post-7328","post","type-post","status-publish","format-standard","hentry","category-noticias"],"acf":[],"_links":{"self":[{"href":"https:\/\/www.crea-mt.org.br\/portal\/wp-json\/wp\/v2\/posts\/7328","targetHints":{"allow":["GET"]}}],"collection":[{"href":"https:\/\/www.crea-mt.org.br\/portal\/wp-json\/wp\/v2\/posts"}],"about":[{"href":"https:\/\/www.crea-mt.org.br\/portal\/wp-json\/wp\/v2\/types\/post"}],"author":[{"embeddable":true,"href":"https:\/\/www.crea-mt.org.br\/portal\/wp-json\/wp\/v2\/users\/1"}],"replies":[{"embeddable":true,"href":"https:\/\/www.crea-mt.org.br\/portal\/wp-json\/wp\/v2\/comments?post=7328"}],"version-history":[{"count":0,"href":"https:\/\/www.crea-mt.org.br\/portal\/wp-json\/wp\/v2\/posts\/7328\/revisions"}],"wp:attachment":[{"href":"https:\/\/www.crea-mt.org.br\/portal\/wp-json\/wp\/v2\/media?parent=7328"}],"wp:term":[{"taxonomy":"category","embeddable":true,"href":"https:\/\/www.crea-mt.org.br\/portal\/wp-json\/wp\/v2\/categories?post=7328"},{"taxonomy":"post_tag","embeddable":true,"href":"https:\/\/www.crea-mt.org.br\/portal\/wp-json\/wp\/v2\/tags?post=7328"}],"curies":[{"name":"wp","href":"https:\/\/api.w.org\/{rel}","templated":true}]}}