{"id":7327,"date":"2007-01-16T00:00:00","date_gmt":"2007-01-16T02:00:00","guid":{"rendered":"https:\/\/crea-mt.org.br\/portal\/inscricoes-para-o-concurso-do-mapa-vao-ate-quinta\/"},"modified":"2007-01-16T00:00:00","modified_gmt":"2007-01-16T02:00:00","slug":"inscricoes-para-o-concurso-do-mapa-vao-ate-quinta","status":"publish","type":"post","link":"https:\/\/www.crea-mt.org.br\/portal\/inscricoes-para-o-concurso-do-mapa-vao-ate-quinta\/","title":{"rendered":"Inscri\u00e7\u00f5es para o concurso do MAPA v\u00e3o at\u00e9 quinta"},"content":{"rendered":"<p>\nEst\u00e3o abertas as inscri\u00e7\u00f5es do concurso p\u00fablico do Minist\u00e9rio da Agricultura, Pecu\u00e1ria e Abastecimento para o cargo de Fiscal Federal Agropecu\u00e1rio. S\u00e3o 390 vagas para formados em Engenharia Agr\u00f4noma, Farm\u00e1cia, Medicina Veterin\u00e1ria, Qu\u00edmica e Zootecnia para todas as unidades da federa\u00e7\u00e3o. A remunera\u00e7\u00e3o inicial \u00e9 de R$ 5.013,17. As provas acontecer\u00e3o no dia 4 de fevereiro e o candidato deve realizar as provas na capital do estado de sua op\u00e7\u00e3o de vaga. A taxa de inscri\u00e7\u00e3o \u00e9 de R$ 58,00 para qualquer especialidade. As inscri\u00e7\u00f5es podem ser feitas at\u00e9 18 de janeiro pelo site www.fjpf.org.br.<\/p>\n<p>Mais informa\u00e7\u00f5es pelos telefones (21) 2613-5401, (61) 3381-2285, (69) 3221-0700 ou (27) 3084-6791 ou no site da Funda\u00e7\u00e3o Jos\u00e9 Pel\u00facio Ferreira , www.fjpf.org.br.<\/p>\n<p><B>Debora Dond<\/B><br \/>\nFunda\u00e7\u00e3o Jos\u00e9 Pel\u00facio Ferreira<\/p>\n","protected":false},"excerpt":{"rendered":"<p>Est\u00e3o abertas as inscri\u00e7\u00f5es do concurso p\u00fablico do Minist\u00e9rio da Agricultura, Pecu\u00e1ria e Abastecimento para o cargo de Fiscal Federal Agropecu\u00e1rio. S\u00e3o 390 vagas para formados em Engenharia Agr\u00f4noma, Farm\u00e1cia, Medicina Veterin\u00e1ria, Qu\u00edmica e Zootecnia para todas as unidades da federa\u00e7\u00e3o. A remunera\u00e7\u00e3o inicial \u00e9 de R$ 5.013,17. As provas acontecer\u00e3o no dia 4 de [&hellip;]<\/p>\n","protected":false},"author":1,"featured_media":0,"comment_status":"open","ping_status":"open","sticky":false,"template":"","format":"standard","meta":{"footnotes":""},"categories":[1],"tags":[],"class_list":["post-7327","post","type-post","status-publish","format-standard","hentry","category-noticias"],"acf":[],"_links":{"self":[{"href":"https:\/\/www.crea-mt.org.br\/portal\/wp-json\/wp\/v2\/posts\/7327","targetHints":{"allow":["GET"]}}],"collection":[{"href":"https:\/\/www.crea-mt.org.br\/portal\/wp-json\/wp\/v2\/posts"}],"about":[{"href":"https:\/\/www.crea-mt.org.br\/portal\/wp-json\/wp\/v2\/types\/post"}],"author":[{"embeddable":true,"href":"https:\/\/www.crea-mt.org.br\/portal\/wp-json\/wp\/v2\/users\/1"}],"replies":[{"embeddable":true,"href":"https:\/\/www.crea-mt.org.br\/portal\/wp-json\/wp\/v2\/comments?post=7327"}],"version-history":[{"count":0,"href":"https:\/\/www.crea-mt.org.br\/portal\/wp-json\/wp\/v2\/posts\/7327\/revisions"}],"wp:attachment":[{"href":"https:\/\/www.crea-mt.org.br\/portal\/wp-json\/wp\/v2\/media?parent=7327"}],"wp:term":[{"taxonomy":"category","embeddable":true,"href":"https:\/\/www.crea-mt.org.br\/portal\/wp-json\/wp\/v2\/categories?post=7327"},{"taxonomy":"post_tag","embeddable":true,"href":"https:\/\/www.crea-mt.org.br\/portal\/wp-json\/wp\/v2\/tags?post=7327"}],"curies":[{"name":"wp","href":"https:\/\/api.w.org\/{rel}","templated":true}]}}