{"id":7326,"date":"2007-01-16T00:00:00","date_gmt":"2007-01-16T02:00:00","guid":{"rendered":"https:\/\/crea-mt.org.br\/portal\/crea-ce-completa-71-anos-e-lanca-crea-junior\/"},"modified":"2007-01-16T00:00:00","modified_gmt":"2007-01-16T02:00:00","slug":"crea-ce-completa-71-anos-e-lanca-crea-junior","status":"publish","type":"post","link":"https:\/\/www.crea-mt.org.br\/portal\/crea-ce-completa-71-anos-e-lanca-crea-junior\/","title":{"rendered":"Crea-CE completa 71 anos e lan\u00e7a Crea j\u00fanior"},"content":{"rendered":"<p>O Conselho Regional de Engenharia, Arquitetura e Agronomia do Cear\u00e1 (Crea-CE) vai comemorar o seu 71\u00ba anivers\u00e1rio no pr\u00f3ximo dia 17 de janeiro, com o lan\u00e7amento do programa Crea-CE J\u00fanior e a cria\u00e7\u00e3o do Conselho de Presidentes das Entidades de Classe ligadas ao sistema Confea\/Crea. O evento acontece na futura sede do Conselho, no centro de Fortaleza (rua Castro e Silva, 81, esquina com a Rua Floriano Peixoto). A programa\u00e7\u00e3o inclui, ainda, reuni\u00e3o dos dirigentes do regional com profissionais rec\u00e9m formados da \u00e1rea tecnol\u00f3gica.<\/p>\n<p>O objetivo do Crea J\u00fanior \u00e9 o de aproximar estudantes e entidade de classe, destacando a sua fun\u00e7\u00e3o e import\u00e2ncia na vida profissional. Al\u00e9m disso, a iniciativa visa assessorar estudantes e rec\u00e9m formados em suas rela\u00e7\u00f5es com o mercado de trabalho; apoiar os empreendimentos estudantis; discutir o futuro e o papel social dos profissionais do sistema; desenvolver a\u00e7\u00f5es sociais; enfatizar a \u00e9tica profissional e difundir a legisla\u00e7\u00e3o do sistema profissional.<\/p>\n<p><B>Solidariedade e Esporte<\/B><\/p>\n<p>Ainda como parte da programa\u00e7\u00e3o alusiva aos 71 anos do Crea-CE ser\u00e1 encerrada a campanha &#8220;Natal Feliz&#8221;, com arrecada\u00e7\u00e3o e entrega de donativos para entidades filantr\u00f3picas.<br \/>\nA comemora\u00e7\u00e3o ter\u00e1 continuidade nos dias 10 e 11 de fevereiro, com a realiza\u00e7\u00e3o do I Evento Esportivo regional, no Clube de Engenharia, na Praia do Futuro.<\/p>\n<p>Poder\u00e3o participar profissionais registrados, funcion\u00e1rios, colaboradores da M\u00fatua e representantes de entidades de classe, que disputar\u00e3o as modalidades de futebol society, corrida r\u00fastica de 4 km. V\u00f4lei de praia, nata\u00e7\u00e3o, sinuca e dama. As vagas ser\u00e3o limitadas e as inscri\u00e7\u00f5es podem ser feitas at\u00e9 o dia 2 de fevereiro. A taxa de inscri\u00e7\u00e3o ser\u00e1 de tr\u00eas quilos de alimentos n\u00e3o perec\u00edveis por participante, que ser\u00e3o doados para entidades filantr\u00f3picas selecionadas.<\/p>\n<p><B>Fonte:<\/B> Assessoria de Comunica\u00e7\u00e3o e Marketing do Crea-CE<\/p>\n","protected":false},"excerpt":{"rendered":"<p>O Conselho Regional de Engenharia, Arquitetura e Agronomia do Cear\u00e1 (Crea-CE) vai comemorar o seu 71\u00ba anivers\u00e1rio no pr\u00f3ximo dia 17 de janeiro, com o lan\u00e7amento do programa Crea-CE J\u00fanior e a cria\u00e7\u00e3o do Conselho de Presidentes das Entidades de Classe ligadas ao sistema Confea\/Crea. O evento acontece na futura sede do Conselho, no centro [&hellip;]<\/p>\n","protected":false},"author":1,"featured_media":0,"comment_status":"open","ping_status":"open","sticky":false,"template":"","format":"standard","meta":{"footnotes":""},"categories":[1],"tags":[],"class_list":["post-7326","post","type-post","status-publish","format-standard","hentry","category-noticias"],"acf":[],"_links":{"self":[{"href":"https:\/\/www.crea-mt.org.br\/portal\/wp-json\/wp\/v2\/posts\/7326","targetHints":{"allow":["GET"]}}],"collection":[{"href":"https:\/\/www.crea-mt.org.br\/portal\/wp-json\/wp\/v2\/posts"}],"about":[{"href":"https:\/\/www.crea-mt.org.br\/portal\/wp-json\/wp\/v2\/types\/post"}],"author":[{"embeddable":true,"href":"https:\/\/www.crea-mt.org.br\/portal\/wp-json\/wp\/v2\/users\/1"}],"replies":[{"embeddable":true,"href":"https:\/\/www.crea-mt.org.br\/portal\/wp-json\/wp\/v2\/comments?post=7326"}],"version-history":[{"count":0,"href":"https:\/\/www.crea-mt.org.br\/portal\/wp-json\/wp\/v2\/posts\/7326\/revisions"}],"wp:attachment":[{"href":"https:\/\/www.crea-mt.org.br\/portal\/wp-json\/wp\/v2\/media?parent=7326"}],"wp:term":[{"taxonomy":"category","embeddable":true,"href":"https:\/\/www.crea-mt.org.br\/portal\/wp-json\/wp\/v2\/categories?post=7326"},{"taxonomy":"post_tag","embeddable":true,"href":"https:\/\/www.crea-mt.org.br\/portal\/wp-json\/wp\/v2\/tags?post=7326"}],"curies":[{"name":"wp","href":"https:\/\/api.w.org\/{rel}","templated":true}]}}