{"id":7325,"date":"2007-01-16T00:00:00","date_gmt":"2007-01-16T02:00:00","guid":{"rendered":"https:\/\/crea-mt.org.br\/portal\/tecnologias-substituem-brometo-de-metila-na-agricultura\/"},"modified":"2007-01-16T00:00:00","modified_gmt":"2007-01-16T02:00:00","slug":"tecnologias-substituem-brometo-de-metila-na-agricultura","status":"publish","type":"post","link":"https:\/\/www.crea-mt.org.br\/portal\/tecnologias-substituem-brometo-de-metila-na-agricultura\/","title":{"rendered":"Tecnologias substituem brometo de metila na agricultura"},"content":{"rendered":"<p>Os produtores de flores e plantas ornamentais de Atibaia, Ibi\u00fana, Holambra e Regi\u00e3o da Via Dutra, no Estado de S\u00e3o Paulo, e Gravat\u00e1, em Pernambuco, v\u00e3o substituir o brometo de metila &#8211; BM, g\u00e1s que age como inseticida e fumigante, por tecnologia desenvolvida pela Empresa Brasileira de Pesquisa Agropecu\u00e1ria &#8211; Embrapa, vinculada ao Minist\u00e9rio da Agricultura, Pecu\u00e1ria e Abastecimento (Mapa). <\/p>\n<p>O BM \u00e9 altamente contaminante, sendo que cada \u00e1tomo de bromo do brometo de metila que alcan\u00e7a a estratosfera destr\u00f3i 60 vezes mais oz\u00f4nio do que os \u00e1tomos de cloro dos CFCs (clorofluorcarbono). A iniciativa \u00e9 da Organiza\u00e7\u00e3o para o Desenvolvimento Industrial das Na\u00e7\u00f5es Unidas (UNIDO).<\/p>\n<p>Em lugar de usar o BM, a alternativa encontrada para desinfesta\u00e7\u00e3o do solo ou substrato s\u00e3o equipamentos que utilizam o vapor d&#8217;\u00e1gua e a energia solar. Para tratamento do solo em canteiros, cerca de 27 caldeiras \u00e0 lenha e 27 injetores de vapor no solo ser\u00e3o entregues \u00e0s cooperativas e associa\u00e7\u00f5es de produtores das principais regi\u00f5es com cultivo de flores e consumidoras de brometo. <\/p>\n<p>Al\u00e9m dos equipamentos, os produtores receber\u00e3o tamb\u00e9m na semana de 14 a 19 de janeiro capacita\u00e7\u00e3o sobre seguran\u00e7a na opera\u00e7\u00e3o destas caldeiras, por meio de um t\u00e9cnico em manuten\u00e7\u00e3o e treinamento de manejo integrado com o acompanhamento de um agr\u00f4nomo, com a finalidade de garantir o sucesso na substitui\u00e7\u00e3o do m\u00e9todo de tratamento de solo.<\/p>\n<p>A entrega dos equipamentos est\u00e1 marcada para o dia 19 de janeiro de 2007, em Atibaia, SP. Posteriormente, cerca de 1.000 coletores solares, t\u00e9cnica desenvolvida pela pesquisadora Raquel Ghini da Embrapa Meio Ambiente (Jaguari\u00fana, SP), ser\u00e3o doados aos produtores de flores ainda este ano.  O evento ser\u00e1 na sede da Proflor, \u00e0 Rua Eurico Souza Pereira, 142 &#8211; Bairro Alvin\u00f3polis em Atibaia, SP.<\/p>\n<p><B>TECNOLOGIAS<\/B><\/p>\n<p>&#8220;Altas temperaturas (cerca de 70 a 80 graus cent\u00edgrados) s\u00e3o conseguidas com inje\u00e7\u00e3o de vapor no solo ou utiliza\u00e7\u00e3o de energia solar. Al\u00e9m de mais eficazes e baratos, estes sistemas n\u00e3o trazem riscos \u00e0 sa\u00fade humana e ao meio ambiente, como o BM&#8221;, diz o diretor do Projeto no Brasil, C\u00e9sar Mauricio Torres Martinez.<\/p>\n<p>De acordo com ele, os equipamentos de inje\u00e7\u00e3o de vapor s\u00e3o capazes de tratar 100 m\u00b2 de solo a cada 1 hora. Ap\u00f3s dois dias, o solo est\u00e1 pronto para novo plantio. &#8220;Outro fator importante \u00e9 a redu\u00e7\u00e3o nos custos do tratamento: 100m\u00b2 de solo tratados com este sistema custam 50% menos que o custo do tratamento com BM&#8221;, compara. &#8220;No tratamento de substratos ser\u00e3o usados coletores solares, que utilizam energia solar para desinfestar misturas de solo em viveiros de plantas, a fim de se produzirem mudas saud\u00e1veis e livres de microrganismos prejudiciais ao seu desenvolvimento&#8221;, afirma Raquel.<\/p>\n<p><B>HIST\u00d3RICO<\/B><\/p>\n<p>O BM, utilizado principalmente em culturas de fumo e plantas ornamentais, n\u00e3o pode mais ser usado na desinfesta\u00e7\u00e3o de solo ou substrato porque a Instru\u00e7\u00e3o Normativa do Mapa de 10 de dezembro de 2002 proibiu o seu uso em sementeiras de hortali\u00e7as e flores a partir do dia 31 de dezembro de 2006.<\/p>\n<p>A fim de minimizar os danos causados \u00e0 camada de oz\u00f4nio, foi assinado em 1990 o Protocolo de Montreal, um tratado internacional para elimina\u00e7\u00e3o de subst\u00e2ncias nocivas, como o BM. Na assinatura mais de 180 pa\u00edses se comprometeram a diminuir o uso destes produtos. O Brasil foi um dos pa\u00edses que aderiram ao tratado, assumindo o compromisso de reduzir em 20% o consumo (m\u00e9dio entre 1997 a 1998) at\u00e9 o ano de 2005 e erradicar o uso at\u00e9 2015.<\/p>\n<p>O cronograma do Programa Nacional de Elimina\u00e7\u00e3o do Brometo de Metila &#8211; PNB estabeleceu as datas de 31\/12\/2004 para elimina\u00e7\u00e3o na cultura do fumo; 31\/12\/2006, para flores, hortali\u00e7as e formigas; e 31\/12\/2015, para tratamentos fitossanit\u00e1rios e quarenten\u00e1rios (Instru\u00e7\u00e3o Normativa Conjunta 01 &#8211; 2002\/2003 do Mapa, Anvisa e Ibama).<\/p>\n<p>Em 2004, a UNIDO realizou um estudo sobre o consumo remanescente de brometo de metila no Brasil, por meio de consultoria realizada pela Embrapa. A partir desse estudo, foi verificado que, ap\u00f3s a elimina\u00e7\u00e3o na cultura do fumo, o cultivo de flores destacava-se como principal usu\u00e1rio do agroqu\u00edmico. Com recursos de 2 milh\u00f5es de d\u00f3lares do Fundo Multilateral do Protocolo de Montreal e o objetivo de eliminar mais de 165 toneladas de BM utilizadas em flores e mais de 60 utilizadas em outros cultivos, como o morango, iniciou-se o projeto no Brasil.<\/p>\n<p><B>BROMETO DE METILA<\/B><\/p>\n<p>O BM \u00e9 um g\u00e1s que age como inseticida e fumigante, muito utilizado na desinfesta\u00e7\u00e3o de solo e substrato, controle de formigas e fumiga\u00e7\u00e3o de produtos de origem vegetal. Serve para evitar que pragas e doen\u00e7as sejam disseminadas para outras cidades ou pa\u00edses, quando os produtos s\u00e3o exportados\/importados, ou para &#8220;limpar&#8221; o solo para desenvolver o plantio. O produto mata os insetos, os pat\u00f3genos (nemat\u00f3ides, fungos e bact\u00e9rias), ervas daninhas e qualquer outro ser vivo presente no solo e na zona de penetra\u00e7\u00e3o do g\u00e1s, seja ele ben\u00e9fico ou mal\u00e9fico \u00e0 agricultura.<\/p>\n<p><B>Eliana Lima<\/B><br \/>\nJornalista, MTb 22.047<br \/>\nEmbrapa Meio Ambiente<br \/>\n(19) 3867.8913<br \/>\nelima@cnpma.embrapa.br<\/p>\n<p><B>Vitor Moreno<\/B> (MTb 38057\/SP)<br \/>\nAssessoria de Comunica\u00e7\u00e3o Social &#8211; Embrapa<br \/>\nTelefone: (61) 3448-4039<br \/>\nE-mail: vitor.moreno@embrapa.br<\/p>\n","protected":false},"excerpt":{"rendered":"<p>Os produtores de flores e plantas ornamentais de Atibaia, Ibi\u00fana, Holambra e Regi\u00e3o da Via Dutra, no Estado de S\u00e3o Paulo, e Gravat\u00e1, em Pernambuco, v\u00e3o substituir o brometo de metila &#8211; BM, g\u00e1s que age como inseticida e fumigante, por tecnologia desenvolvida pela Empresa Brasileira de Pesquisa Agropecu\u00e1ria &#8211; Embrapa, vinculada ao Minist\u00e9rio da [&hellip;]<\/p>\n","protected":false},"author":1,"featured_media":0,"comment_status":"open","ping_status":"open","sticky":false,"template":"","format":"standard","meta":{"footnotes":""},"categories":[1],"tags":[],"class_list":["post-7325","post","type-post","status-publish","format-standard","hentry","category-noticias"],"acf":[],"_links":{"self":[{"href":"https:\/\/www.crea-mt.org.br\/portal\/wp-json\/wp\/v2\/posts\/7325","targetHints":{"allow":["GET"]}}],"collection":[{"href":"https:\/\/www.crea-mt.org.br\/portal\/wp-json\/wp\/v2\/posts"}],"about":[{"href":"https:\/\/www.crea-mt.org.br\/portal\/wp-json\/wp\/v2\/types\/post"}],"author":[{"embeddable":true,"href":"https:\/\/www.crea-mt.org.br\/portal\/wp-json\/wp\/v2\/users\/1"}],"replies":[{"embeddable":true,"href":"https:\/\/www.crea-mt.org.br\/portal\/wp-json\/wp\/v2\/comments?post=7325"}],"version-history":[{"count":0,"href":"https:\/\/www.crea-mt.org.br\/portal\/wp-json\/wp\/v2\/posts\/7325\/revisions"}],"wp:attachment":[{"href":"https:\/\/www.crea-mt.org.br\/portal\/wp-json\/wp\/v2\/media?parent=7325"}],"wp:term":[{"taxonomy":"category","embeddable":true,"href":"https:\/\/www.crea-mt.org.br\/portal\/wp-json\/wp\/v2\/categories?post=7325"},{"taxonomy":"post_tag","embeddable":true,"href":"https:\/\/www.crea-mt.org.br\/portal\/wp-json\/wp\/v2\/tags?post=7325"}],"curies":[{"name":"wp","href":"https:\/\/api.w.org\/{rel}","templated":true}]}}