{"id":7323,"date":"2007-01-16T00:00:00","date_gmt":"2007-01-16T02:00:00","guid":{"rendered":"https:\/\/crea-mt.org.br\/portal\/campo-verde-vai-inaugurar-planta-industrial-de-usina\/"},"modified":"2007-01-16T00:00:00","modified_gmt":"2007-01-16T02:00:00","slug":"campo-verde-vai-inaugurar-planta-industrial-de-usina","status":"publish","type":"post","link":"https:\/\/www.crea-mt.org.br\/portal\/campo-verde-vai-inaugurar-planta-industrial-de-usina\/","title":{"rendered":"Campo Verde vai inaugurar planta industrial de usina"},"content":{"rendered":"<p>Depois de receber a primeira usina, inaugurada em novembro \u00faltimo no munic\u00edpio de Barra do Bugres (168 Km a M\u00e9dio-Norte da Capital), o Estado de Mato Grosso ganha mais uma ind\u00fastria de biodiesel. Com previs\u00e3o de inaugurar sua planta industrial no pr\u00f3ximo m\u00eas de mar\u00e7o no munic\u00edpio de Campo Verde (131 Km ao Sul de Cuiab\u00e1), a empresa Biocamp pretende investir R$ 20 milh\u00f5es no empreendimento e inicialmente produzir cerca de 50 milh\u00f5es de litros de biodiesel, a partir de \u00f3leos vegetais e gordura animal, com perspectivas de atingir 100 milh\u00f5es de litros em um ano de atividade. <\/p>\n<p>A informa\u00e7\u00e3o \u00e9 de um dos diretores da empresa, Ari Nedef, que acompanhou o prefeito de Campo Verde, Dimorvan Alencar Brescancim em audi\u00eancia com o governador Blairo Maggi, na manh\u00e3 desta sexta-feira (12.01). A comitiva, liderada pelo prefeito, contou ainda com a presen\u00e7a de Olavo P\u00edton e Wanderley Mantovani, tamb\u00e9m diretores da Biocamp; o secret\u00e1rio municipal de Ind\u00fastria e Com\u00e9rcio de Campo Verde, Edmilson Otake, e o presidente da C\u00e2mara Municipal, Geraldo Ara\u00fajo. <\/p>\n<p>&#8220;Nesta audi\u00eancia viemos convidar formalmente o governador para a inaugura\u00e7\u00e3o da ind\u00fastria e solicitar seu empenho na tentativa de trazer o presidente Lula para o evento&#8221;, afirmou Dimorvan Brescancim. De acordo com ele, a instala\u00e7\u00e3o da ind\u00fastria vai proporcionar 60 empregos diretos. <\/p>\n<p>&#8220;Al\u00e9m disso, aproximadamente 700 fam\u00edlias de agricultores familiares estar\u00e3o envolvidas no empreendimento. Estamos incentivando a produ\u00e7\u00e3o de pinh\u00e3o manso, oferecendo a essas fam\u00edlias 100 quilos de sementes para o plantio, mas j\u00e1 temos 500 hectares de girassol garantidos como mat\u00e9ria prima a ser ofertada \u00e0 Biocamp&#8221;, destacou Brescancim.<\/p>\n<p><B>Fonte: <\/B>24HorasNews<\/p>\n","protected":false},"excerpt":{"rendered":"<p>Depois de receber a primeira usina, inaugurada em novembro \u00faltimo no munic\u00edpio de Barra do Bugres (168 Km a M\u00e9dio-Norte da Capital), o Estado de Mato Grosso ganha mais uma ind\u00fastria de biodiesel. Com previs\u00e3o de inaugurar sua planta industrial no pr\u00f3ximo m\u00eas de mar\u00e7o no munic\u00edpio de Campo Verde (131 Km ao Sul de [&hellip;]<\/p>\n","protected":false},"author":1,"featured_media":0,"comment_status":"open","ping_status":"open","sticky":false,"template":"","format":"standard","meta":{"footnotes":""},"categories":[1],"tags":[],"class_list":["post-7323","post","type-post","status-publish","format-standard","hentry","category-noticias"],"acf":[],"_links":{"self":[{"href":"https:\/\/www.crea-mt.org.br\/portal\/wp-json\/wp\/v2\/posts\/7323","targetHints":{"allow":["GET"]}}],"collection":[{"href":"https:\/\/www.crea-mt.org.br\/portal\/wp-json\/wp\/v2\/posts"}],"about":[{"href":"https:\/\/www.crea-mt.org.br\/portal\/wp-json\/wp\/v2\/types\/post"}],"author":[{"embeddable":true,"href":"https:\/\/www.crea-mt.org.br\/portal\/wp-json\/wp\/v2\/users\/1"}],"replies":[{"embeddable":true,"href":"https:\/\/www.crea-mt.org.br\/portal\/wp-json\/wp\/v2\/comments?post=7323"}],"version-history":[{"count":0,"href":"https:\/\/www.crea-mt.org.br\/portal\/wp-json\/wp\/v2\/posts\/7323\/revisions"}],"wp:attachment":[{"href":"https:\/\/www.crea-mt.org.br\/portal\/wp-json\/wp\/v2\/media?parent=7323"}],"wp:term":[{"taxonomy":"category","embeddable":true,"href":"https:\/\/www.crea-mt.org.br\/portal\/wp-json\/wp\/v2\/categories?post=7323"},{"taxonomy":"post_tag","embeddable":true,"href":"https:\/\/www.crea-mt.org.br\/portal\/wp-json\/wp\/v2\/tags?post=7323"}],"curies":[{"name":"wp","href":"https:\/\/api.w.org\/{rel}","templated":true}]}}