{"id":7322,"date":"2007-01-16T00:00:00","date_gmt":"2007-01-16T02:00:00","guid":{"rendered":"https:\/\/crea-mt.org.br\/portal\/engenheiro-de-sinop-sera-empossado-como-conselheiro-no-crea\/"},"modified":"2007-01-16T00:00:00","modified_gmt":"2007-01-16T02:00:00","slug":"engenheiro-de-sinop-sera-empossado-como-conselheiro-no-crea","status":"publish","type":"post","link":"https:\/\/www.crea-mt.org.br\/portal\/engenheiro-de-sinop-sera-empossado-como-conselheiro-no-crea\/","title":{"rendered":"Engenheiro de Sinop ser\u00e1 empossado como conselheiro no CREA"},"content":{"rendered":"<p>O engenheiro Enemir Ronaldo Bedin, de Sinop, ser\u00e1 empossado hoje, a partir das 18h, em Cuiab\u00e1, como um dos conselheiros do Crea (Conselho Regional de Engenharia, Arquitetura e Agronomia), em Mato Grosso. A cerim\u00f4nia acontecer\u00e1 durante a primeira plen\u00e1ria do ano. <\/p>\n<p>Ele foi indicado pelos associados da Aenor &#8211; Associa\u00e7\u00e3o dos Engenheiros do Norte de Mato Grosso, em Sinop, no \u00faltimo dia 10, em uma assembl\u00e9ia. O conselheiro representa o munic\u00edpio na entidade. O suplente de Bedin \u00e9 o engenheiro Waldomiro dos Anjos. <\/p>\n<p>Bedin j\u00e1 representava a associa\u00e7\u00e3o no conselho do Crea, quando era conselheiro suplente. O mandato \u00e9 de tr\u00eas anos. Ele deve participar das reuni\u00f5es da categoria em Cuiab\u00e1.<\/p>\n<p><B>Fonte: <\/B>S\u00f3 Not\u00edcias<\/p>\n","protected":false},"excerpt":{"rendered":"<p>O engenheiro Enemir Ronaldo Bedin, de Sinop, ser\u00e1 empossado hoje, a partir das 18h, em Cuiab\u00e1, como um dos conselheiros do Crea (Conselho Regional de Engenharia, Arquitetura e Agronomia), em Mato Grosso. A cerim\u00f4nia acontecer\u00e1 durante a primeira plen\u00e1ria do ano. Ele foi indicado pelos associados da Aenor &#8211; Associa\u00e7\u00e3o dos Engenheiros do Norte de [&hellip;]<\/p>\n","protected":false},"author":1,"featured_media":0,"comment_status":"open","ping_status":"open","sticky":false,"template":"","format":"standard","meta":{"footnotes":""},"categories":[1],"tags":[],"class_list":["post-7322","post","type-post","status-publish","format-standard","hentry","category-noticias"],"acf":[],"_links":{"self":[{"href":"https:\/\/www.crea-mt.org.br\/portal\/wp-json\/wp\/v2\/posts\/7322","targetHints":{"allow":["GET"]}}],"collection":[{"href":"https:\/\/www.crea-mt.org.br\/portal\/wp-json\/wp\/v2\/posts"}],"about":[{"href":"https:\/\/www.crea-mt.org.br\/portal\/wp-json\/wp\/v2\/types\/post"}],"author":[{"embeddable":true,"href":"https:\/\/www.crea-mt.org.br\/portal\/wp-json\/wp\/v2\/users\/1"}],"replies":[{"embeddable":true,"href":"https:\/\/www.crea-mt.org.br\/portal\/wp-json\/wp\/v2\/comments?post=7322"}],"version-history":[{"count":0,"href":"https:\/\/www.crea-mt.org.br\/portal\/wp-json\/wp\/v2\/posts\/7322\/revisions"}],"wp:attachment":[{"href":"https:\/\/www.crea-mt.org.br\/portal\/wp-json\/wp\/v2\/media?parent=7322"}],"wp:term":[{"taxonomy":"category","embeddable":true,"href":"https:\/\/www.crea-mt.org.br\/portal\/wp-json\/wp\/v2\/categories?post=7322"},{"taxonomy":"post_tag","embeddable":true,"href":"https:\/\/www.crea-mt.org.br\/portal\/wp-json\/wp\/v2\/tags?post=7322"}],"curies":[{"name":"wp","href":"https:\/\/api.w.org\/{rel}","templated":true}]}}