{"id":7320,"date":"2007-01-18T00:00:00","date_gmt":"2007-01-18T02:00:00","guid":{"rendered":"https:\/\/crea-mt.org.br\/portal\/plenaria-elege-nova-diretoria-do-crea-mt\/"},"modified":"2007-01-18T00:00:00","modified_gmt":"2007-01-18T02:00:00","slug":"plenaria-elege-nova-diretoria-do-crea-mt","status":"publish","type":"post","link":"https:\/\/www.crea-mt.org.br\/portal\/plenaria-elege-nova-diretoria-do-crea-mt\/","title":{"rendered":"Plen\u00e1ria elege nova diretoria do Crea-MT"},"content":{"rendered":"<p>Coordenadores de c\u00e2maras, comiss\u00f5es e, calend\u00e1rio das sess\u00f5es plen\u00e1rias para 2007 tamb\u00e9m foram definidos<\/p>\n<p>Durante a primeira sess\u00e3o Plen\u00e1ria do ano, na noite de 16 de janeiro, foi eleita por unanimidade a nova diretoria do Conselho Regional de Engenharia, Arquitetura e Agronomia de Mato Grosso (Crea-MT). O ato administrativo tamb\u00e9m contemplou a recomposi\u00e7\u00e3o do Pleno, com a posse de 14 novos conselheiros e seus respectivos suplentes, elei\u00e7\u00e3o da coordena\u00e7\u00e3o das C\u00e2maras Especializadas e recomposi\u00e7\u00e3o das Comiss\u00f5es Permanentes e Especiais do Crea.<\/p>\n<p>A nova Diretoria ter\u00e1 a engenheira Sanitarista Sara Suely Atillio Caporossi como 1\u00aa vice-presidente. &#8220;Estou feliz pela indica\u00e7\u00e3o e desejo que todos tenhamos um ano de muitas realiza\u00e7\u00f5es na busca da valoriza\u00e7\u00e3o das profiss\u00f5es do Crea&#8221;, declarou Sara.<\/p>\n<p>Em seu pronunciamento o 2\u00ba vice-presidente, o engenheiro Agr\u00f4nomo Luiz Benedito de Lima Neto, destacou que a Diretoria se empenhar\u00e1 para a regulamenta\u00e7\u00e3o dos profissionais junto ao Crea. O presidente do Crea-MT, Tarciso Bassan, agradeceu aos antecessores da Diretoria pelo trabalho desenvolvido no ano de 2006 e saudou a nova Diretoria ressaltando os compromissos do Crea-MT para 2007. &#8220;N\u00e3o podemos trabalhar sozinhos. Precisamos desta Diretoria e dos Conselheiros para fortalecer o Crea em todo Estado, desenvolvendo a\u00e7\u00f5es de educa\u00e7\u00e3o, preven\u00e7\u00e3o e projetos. O que por conseq\u00fc\u00eancia fortalece o profissional ligado ao Conselho&#8221;, destacou Bassan.<\/p>\n<p>A nova diretoria referendada pelos 40 conselheiros presentes: 1\u00ba vice-presidente, Engenheira Sanitarista Sara Suely Atillio Caporossi (AESA); 2\u00ba vice-presidente, Engenheiro Agr\u00f4nomo Luiz Benedito de Lima Neto (SENGE); diretor administrativo, T\u00e9cnico em Eletromec\u00e2nica Osm\u00e1rio C\u00edcero de Oliveira (SINTEC); vice-diretora administrativa, Arquiteta e Urbanista Giseli Maria Massoni (AEATS); diretor financeiro, Engenheiro Civil Luiz Lotufo J\u00fanior (ABENC) e, o vice-diretor financeiro, Ge\u00f3logo Marcos Vinicius Paes de Barros (AGEMAT).<\/p>\n<p>Conforme previsto pela Lei n\u00ba 5.194\/66 e pelo Regimento do Crea-MT,  tamb\u00e9m ocorreu a renova\u00e7\u00e3o de um ter\u00e7o da Plen\u00e1ria: dos engenheiros agr\u00f4nomos Jos\u00e9 Rezende da Silva (titular &#8211; AEAGRO), Eug\u00eanio Bonjour (titular &#8211; AEAGRO), Jo\u00e3o Carlos Diel (suplente &#8211; AEAGRO), Osmar Boschilia (titular &#8211; AEAPL), Jo\u00e3o Raimundo Dias (titular &#8211; AEASA), Fernando C\u00e9sar Paim (suplente &#8211; AEASA), Luiz Benedito de Lima Neto (titular &#8211; SENGE), Elenir Alves de Arruda (suplente &#8211; SENGE), Miriani Teixeira Monteiro (titulat &#8211; AEATS), Elo\u00edza Zuconelli (suplente-AEATS), dos engenheiros civis Enemir Ronaldo Bedin (titular &#8211; AENOR),  Luiz Paulo Baptista Campos (titular &#8211; AEATS), Juliano Jardim Campos (suplente &#8211; AEATS), dos engenheiros florestais \u00c9zio Ney Prado (titular &#8211; AMEF), Alessandro Yukio Figueiredo Matsubara (suplente &#8211; AMEF), dos arquitetos e urbanistas Josiani Aparecida da Cunha Galv\u00e3o (titular &#8211; IAB),  Higor Neves de Oliveira (suplente &#8211; IAB), Giseli Maria Massoni (titular &#8211; AEATS), Viviane L\u00facia de Quadros (suplente &#8211; AEATS), do Ge\u00f3logo Waldemar de Abreu Filho (titular &#8211; GEOCLUBE), do Engenheiro Agr\u00edcola Ismael de Barros Rocha (titular &#8211; UFMT), e, dos t\u00e9cnicos em edifica\u00e7\u00f5es Givaldo Dias Campos (titular &#8211; SINTEC), Jos\u00e9 Fausto Livramento (suplente -SINTEC).<\/p>\n<p>Encerrando a reuni\u00e3o foi aprovada por unanimidade a defini\u00e7\u00e3o do calend\u00e1rio das sess\u00f5es plen\u00e1rias para o exerc\u00edcio de 2007, que acontecer\u00e1 toda segunda ter\u00e7a-feira de cada m\u00eas.<\/p>\n<p>Comp\u00f5em as Comiss\u00f5es Permanentes e Especiais do Crea-MT:<\/p>\n<p>Comiss\u00e3o de \u00c9tica Profissional, titulares: Givaldo Dias Campos (T\u00e9cnico em Edifica\u00e7\u00e3o), Jo\u00e3o Alves Vaz (Engenheiro Mec\u00e2nico), Odenir Ramos de Moura (Engenheiro Florestal); suplentes: Kateri Dealtina Felsky dos Anjos (Engenheira Agrr\u00f4noma), Jo\u00e3o Raimundo Dias (Engenheiro Agr\u00f4nomo) e, Gilson Vilela D&#8217;Oliveira (Engenheiro Civil).<\/p>\n<p>Comiss\u00e3o de Or\u00e7amento e Tomada de Contas, titulares: Marciane Prevedello Curvo (coordenadora &#8211; Engenheira Civil), Kateri Dealtina Felsky dos Anjos, Raul Bulh\u00f5es Spinelli (Arquiteto e Urbanista); suplentes: Cleber \u00c1vila Ferreira (T\u00e9cnico em Edifica\u00e7\u00f5es\/ Engenheiro Sanitarista), Jo\u00e3o Alves Vaz e Walderson Moraes Coelho (Engenheiro Agrrimensor).<\/p>\n<p>Comiss\u00e3o de Renova\u00e7\u00e3o do Ter\u00e7o, titulares: Andr\u00e9 Luiz Shuring (Engenheiro Civil), Josiani Aparecida da Cunha Galv\u00e3o (Arquiteta e Urbanista), Fernando Martinotto (Engenheiro Agr\u00f4nomo); suplentes: Jos\u00e9 Renato Giotto (Arquiteto e Urbanista), Cristiano Silva Damasceno (T\u00e9cnico em Eletr\u00f4nica) e Bernanci Pedroso de Almeida (Engenheiro Eletricista).<\/p>\n<p>Comiss\u00e3o de Legisla\u00e7\u00e3o e Normas, titulares: Luiz Paulo Baptista Campos (Engenheiro Civil), Luiz Airton Gomes (Engenheiro Civil) e Miriani Teixeira Monteiro (Engenheira Agr\u00f4noma); suplentes: Walderson Antonio Eug\u00eanio Bonjour (Engenheiro Agr\u00f4nomo), Enenir Ronaldo Bedin (engenheiro Civil).<\/p>\n<p>Comiss\u00e3o de M\u00e9rito, titulares: Waldemar de Abreu Filho (Ge\u00f3logo), Sara Suely Atillio Caporossi, Luiz Benedito de Lima Neto (Engenheiro Agr\u00f4nomo); suplentes: Cl\u00e9ber \u00c1vila, Marcos Santos da Rosa (Engenheiro Agr\u00f4nomo), Luiz Paulo Baptista Campos.<\/p>\n<p>Comiss\u00e3o de Ensino, titulares: Josiani Aparecida da Cunha Galv\u00e3o, Luiz Airton Gomes e Cl\u00e9ber \u00c1vila; suplentes: Raul Bulh\u00f5es Spinelli, Bernanci Pedroso de Almeida e Jos\u00e9 Afonso Porto Botura Porto Carreiro (Arquiteto e Urbanista).<\/p>\n<p>Comiss\u00e3o Organizadora do VI CEP &#8211; Congresso Estadual de Profissionais (previsto para ocorrer em abril deste ano): Edinete Ferreira Guimar\u00e3es (Engenheira Civil), Luiz Benedito de Lima Neto, Marciane Prevedello Curvo (coordenadora), Cl\u00e9ber \u00c1vila e Claude Bernard de Abreu (Engenheiro Eletricista).<\/p>\n<p>*Rafaela Maximiano Alves<br \/>\nAssessoria\/Crea-MT<\/p>\n","protected":false},"excerpt":{"rendered":"<p>Coordenadores de c\u00e2maras, comiss\u00f5es e, calend\u00e1rio das sess\u00f5es plen\u00e1rias para 2007 tamb\u00e9m foram definidos Durante a primeira sess\u00e3o Plen\u00e1ria do ano, na noite de 16 de janeiro, foi eleita por unanimidade a nova diretoria do Conselho Regional de Engenharia, Arquitetura e Agronomia de Mato Grosso (Crea-MT). O ato administrativo tamb\u00e9m contemplou a recomposi\u00e7\u00e3o do Pleno, [&hellip;]<\/p>\n","protected":false},"author":1,"featured_media":0,"comment_status":"open","ping_status":"open","sticky":false,"template":"","format":"standard","meta":{"footnotes":""},"categories":[1],"tags":[],"class_list":["post-7320","post","type-post","status-publish","format-standard","hentry","category-noticias"],"acf":[],"_links":{"self":[{"href":"https:\/\/www.crea-mt.org.br\/portal\/wp-json\/wp\/v2\/posts\/7320","targetHints":{"allow":["GET"]}}],"collection":[{"href":"https:\/\/www.crea-mt.org.br\/portal\/wp-json\/wp\/v2\/posts"}],"about":[{"href":"https:\/\/www.crea-mt.org.br\/portal\/wp-json\/wp\/v2\/types\/post"}],"author":[{"embeddable":true,"href":"https:\/\/www.crea-mt.org.br\/portal\/wp-json\/wp\/v2\/users\/1"}],"replies":[{"embeddable":true,"href":"https:\/\/www.crea-mt.org.br\/portal\/wp-json\/wp\/v2\/comments?post=7320"}],"version-history":[{"count":0,"href":"https:\/\/www.crea-mt.org.br\/portal\/wp-json\/wp\/v2\/posts\/7320\/revisions"}],"wp:attachment":[{"href":"https:\/\/www.crea-mt.org.br\/portal\/wp-json\/wp\/v2\/media?parent=7320"}],"wp:term":[{"taxonomy":"category","embeddable":true,"href":"https:\/\/www.crea-mt.org.br\/portal\/wp-json\/wp\/v2\/categories?post=7320"},{"taxonomy":"post_tag","embeddable":true,"href":"https:\/\/www.crea-mt.org.br\/portal\/wp-json\/wp\/v2\/tags?post=7320"}],"curies":[{"name":"wp","href":"https:\/\/api.w.org\/{rel}","templated":true}]}}