{"id":7316,"date":"2007-01-18T00:00:00","date_gmt":"2007-01-18T02:00:00","guid":{"rendered":"https:\/\/crea-mt.org.br\/portal\/pm-ira-garantir-policiamento-ambiental-em-todo-o-estado\/"},"modified":"2007-01-18T00:00:00","modified_gmt":"2007-01-18T02:00:00","slug":"pm-ira-garantir-policiamento-ambiental-em-todo-o-estado","status":"publish","type":"post","link":"https:\/\/www.crea-mt.org.br\/portal\/pm-ira-garantir-policiamento-ambiental-em-todo-o-estado\/","title":{"rendered":"PM ir\u00e1 garantir policiamento ambiental em todo o Estado"},"content":{"rendered":"<p>A reengenharia operacional promovida pela Policia Militar ir\u00e1 garantir o policiamento ambiental em todo Estado de Mato Grosso. A afirma\u00e7\u00e3o \u00e9 do comandante-geral, Adaildon Moraes. <\/p>\n<p>A partir da reformula\u00e7\u00e3o que j\u00e1 est\u00e1 sendo colocada em pr\u00e1tica, o batalh\u00e3o ambiental (at\u00e9 ent\u00e3o com sede em V\u00e1rzea Grande) ter\u00e1 seu efetivo de 180 homens redistribu\u00eddo entre todos os batalh\u00f5es e comandos regionais, garantindo assim o atendimento especializado em todo o estado. <\/p>\n<p>&#8220;Com a reestrutura\u00e7\u00e3o, teremos condi\u00e7\u00f5es de fazer policiamento ambiental em todas as regi\u00f5es. O comando n\u00e3o estar\u00e1 localizado em V\u00e1rzea Grande. Cada comandante ter\u00e1 a obriga\u00e7\u00e3o de realizar a\u00e7\u00f5es voltadas para a quest\u00e3o ambiental, de acordo com as particularidades de cada regi\u00e3o, garantindo a\u00e7\u00f5es mais eficientes. At\u00e9 o momento, a Pol\u00edcia Ambiental n\u00e3o dava conta de atingir todo o Estado, por que era preciso fazer o deslocamento do pessoal especializado. A partir de agora, com essa adequa\u00e7\u00e3o, ser\u00e1 poss\u00edvel realizar v\u00e1rias atividades ao mesmo tempo&#8221;, enfatiza o comandante geral. <\/p>\n<p>A Pol\u00edcia Militar garante que a popula\u00e7\u00e3o poder\u00e1 ficar despreocupada no que diz respeito \u00e0 manuten\u00e7\u00e3o do policiamento ambiental que, de acordo com o planejamento, sofrer\u00e1 um refor\u00e7o significativo. <\/p>\n<p>&#8220;O servi\u00e7o operacional, no que diz respeito \u00e0 quest\u00e3o ambiental, tamb\u00e9m ser\u00e1 refor\u00e7ado, por que teremos condi\u00e7\u00f5es de atender a mais ocorr\u00eancias, uma vez que todos os batalh\u00f5es ter\u00e3o gente apta para desempenhar essa fun\u00e7\u00e3o. O que estamos fazendo \u00e9 somente remanejar o pessoal. De forma alguma a pol\u00edcia ambiental ser\u00e1 extinta&#8221;, refor\u00e7a o comandante geral adjunto, coronel Benedito Campos Filho. <\/p>\n<p>O comandante geral Adaildon Moraes, explica ainda que, na pr\u00e1tica, a grande mudan\u00e7a nesse setor \u00e9 que o batalh\u00e3o ambiental n\u00e3o ter\u00e1 mais uma sede administrativa pr\u00f3pria, mas o trabalho ostensivo n\u00e3o ser\u00e1 prejudicado. &#8220;Estamos otimizando nosso trabalho e nosso pessoal. Isso \u00e9 reengenharia operacional&#8221;. <\/p>\n<p><B>Fonte: <\/B>Assessoria\/Marcia Andreolla<\/p>\n","protected":false},"excerpt":{"rendered":"<p>A reengenharia operacional promovida pela Policia Militar ir\u00e1 garantir o policiamento ambiental em todo Estado de Mato Grosso. A afirma\u00e7\u00e3o \u00e9 do comandante-geral, Adaildon Moraes. A partir da reformula\u00e7\u00e3o que j\u00e1 est\u00e1 sendo colocada em pr\u00e1tica, o batalh\u00e3o ambiental (at\u00e9 ent\u00e3o com sede em V\u00e1rzea Grande) ter\u00e1 seu efetivo de 180 homens redistribu\u00eddo entre todos [&hellip;]<\/p>\n","protected":false},"author":1,"featured_media":0,"comment_status":"open","ping_status":"open","sticky":false,"template":"","format":"standard","meta":{"footnotes":""},"categories":[1],"tags":[],"class_list":["post-7316","post","type-post","status-publish","format-standard","hentry","category-noticias"],"acf":[],"_links":{"self":[{"href":"https:\/\/www.crea-mt.org.br\/portal\/wp-json\/wp\/v2\/posts\/7316","targetHints":{"allow":["GET"]}}],"collection":[{"href":"https:\/\/www.crea-mt.org.br\/portal\/wp-json\/wp\/v2\/posts"}],"about":[{"href":"https:\/\/www.crea-mt.org.br\/portal\/wp-json\/wp\/v2\/types\/post"}],"author":[{"embeddable":true,"href":"https:\/\/www.crea-mt.org.br\/portal\/wp-json\/wp\/v2\/users\/1"}],"replies":[{"embeddable":true,"href":"https:\/\/www.crea-mt.org.br\/portal\/wp-json\/wp\/v2\/comments?post=7316"}],"version-history":[{"count":0,"href":"https:\/\/www.crea-mt.org.br\/portal\/wp-json\/wp\/v2\/posts\/7316\/revisions"}],"wp:attachment":[{"href":"https:\/\/www.crea-mt.org.br\/portal\/wp-json\/wp\/v2\/media?parent=7316"}],"wp:term":[{"taxonomy":"category","embeddable":true,"href":"https:\/\/www.crea-mt.org.br\/portal\/wp-json\/wp\/v2\/categories?post=7316"},{"taxonomy":"post_tag","embeddable":true,"href":"https:\/\/www.crea-mt.org.br\/portal\/wp-json\/wp\/v2\/tags?post=7316"}],"curies":[{"name":"wp","href":"https:\/\/api.w.org\/{rel}","templated":true}]}}