{"id":7314,"date":"2007-01-18T00:00:00","date_gmt":"2007-01-18T02:00:00","guid":{"rendered":"https:\/\/crea-mt.org.br\/portal\/investimentos-em-saneamento-basico-e-habitacao\/"},"modified":"2007-01-18T00:00:00","modified_gmt":"2007-01-18T02:00:00","slug":"investimentos-em-saneamento-basico-e-habitacao","status":"publish","type":"post","link":"https:\/\/www.crea-mt.org.br\/portal\/investimentos-em-saneamento-basico-e-habitacao\/","title":{"rendered":"Investimentos em saneamento b\u00e1sico e habita\u00e7\u00e3o"},"content":{"rendered":"<p><B>Lula diz que PAC prev\u00ea fortes investimentos em saneamento b\u00e1sico e habita\u00e7\u00e3o<\/B><\/p>\n<p> O presidente Luiz In\u00e1cio Lula da Silva disse ontem(17) que o Programa de Acelera\u00e7\u00e3o do Crescimento (PAC) prev\u00ea fortes investimentos em saneamento b\u00e1sico e habita\u00e7\u00e3o. As medidas ser\u00e3o lan\u00e7adas pelo governo federal na pr\u00f3xima segunda-feira (22).<\/p>\n<p>De acordo com Lula, o governo anunciar\u00e1 projetos que poder\u00e3o ser executados. &#8220;\u00c9 um programa de quatro anos e a gente quer cumprir letra por letra do que disser aqui a partir de segunda-feira, porque \u00e9 um projeto de grande envergadura&#8221;, afirmou durante encontro com 132 prefeitos da base aliada, no Pal\u00e1cio do Planalto. O prefeito Adilton Sachetti de Rondon\u00f3polis foi um dos convidados da audi\u00eancia. Somente ele, e o prefeito de Bara do Gar\u00e7as, Z\u00f3zimo Chaparral, participaram do encontro representando Mato Grosso<\/p>\n<p>&#8220;N\u00e3o quero que seja mais um daqueles programas em que o governante vai na televis\u00e3o, anuncia, termina o mandato, e voc\u00eas n\u00e3o v\u00eaem. Eu quero anunciar exatamente aquilo que a gente puder cumprir&#8221;, disse.<\/p>\n<p>O presidente acredita que o Congresso Nacional ir\u00e1 colaborar com a implanta\u00e7\u00e3o do conjunto de medidas. &#8220;As coisas est\u00e3o caminhando de forma tranq\u00fcila e \u00e9 importante para que gente d\u00ea os passos que o Brasil precisa. Mais um pouco de esfor\u00e7o de todos n\u00f3s e temos chance de dar um salto de qualidade na economia, na gera\u00e7\u00e3o de empregos e na distribui\u00e7\u00e3o de renda no Brasil&#8221;.<\/p>\n<p><B>Fonte:<\/B>Primeira Hora<\/p>\n","protected":false},"excerpt":{"rendered":"<p>Lula diz que PAC prev\u00ea fortes investimentos em saneamento b\u00e1sico e habita\u00e7\u00e3o O presidente Luiz In\u00e1cio Lula da Silva disse ontem(17) que o Programa de Acelera\u00e7\u00e3o do Crescimento (PAC) prev\u00ea fortes investimentos em saneamento b\u00e1sico e habita\u00e7\u00e3o. As medidas ser\u00e3o lan\u00e7adas pelo governo federal na pr\u00f3xima segunda-feira (22). De acordo com Lula, o governo anunciar\u00e1 [&hellip;]<\/p>\n","protected":false},"author":1,"featured_media":0,"comment_status":"open","ping_status":"open","sticky":false,"template":"","format":"standard","meta":{"footnotes":""},"categories":[1],"tags":[],"class_list":["post-7314","post","type-post","status-publish","format-standard","hentry","category-noticias"],"acf":[],"_links":{"self":[{"href":"https:\/\/www.crea-mt.org.br\/portal\/wp-json\/wp\/v2\/posts\/7314","targetHints":{"allow":["GET"]}}],"collection":[{"href":"https:\/\/www.crea-mt.org.br\/portal\/wp-json\/wp\/v2\/posts"}],"about":[{"href":"https:\/\/www.crea-mt.org.br\/portal\/wp-json\/wp\/v2\/types\/post"}],"author":[{"embeddable":true,"href":"https:\/\/www.crea-mt.org.br\/portal\/wp-json\/wp\/v2\/users\/1"}],"replies":[{"embeddable":true,"href":"https:\/\/www.crea-mt.org.br\/portal\/wp-json\/wp\/v2\/comments?post=7314"}],"version-history":[{"count":0,"href":"https:\/\/www.crea-mt.org.br\/portal\/wp-json\/wp\/v2\/posts\/7314\/revisions"}],"wp:attachment":[{"href":"https:\/\/www.crea-mt.org.br\/portal\/wp-json\/wp\/v2\/media?parent=7314"}],"wp:term":[{"taxonomy":"category","embeddable":true,"href":"https:\/\/www.crea-mt.org.br\/portal\/wp-json\/wp\/v2\/categories?post=7314"},{"taxonomy":"post_tag","embeddable":true,"href":"https:\/\/www.crea-mt.org.br\/portal\/wp-json\/wp\/v2\/tags?post=7314"}],"curies":[{"name":"wp","href":"https:\/\/api.w.org\/{rel}","templated":true}]}}