{"id":7313,"date":"2007-01-18T00:00:00","date_gmt":"2007-01-18T02:00:00","guid":{"rendered":"https:\/\/crea-mt.org.br\/portal\/icentivos-para-a-geracao-de-energia\/"},"modified":"2007-01-18T00:00:00","modified_gmt":"2007-01-18T02:00:00","slug":"icentivos-para-a-geracao-de-energia","status":"publish","type":"post","link":"https:\/\/www.crea-mt.org.br\/portal\/icentivos-para-a-geracao-de-energia\/","title":{"rendered":"Icentivos para a gera\u00e7\u00e3o de energia"},"content":{"rendered":"<p>\u00c0s v\u00e9speras do an\u00fancio do Programa de Acelera\u00e7\u00e3o do Crescimento (PAC), previsto para segunda-feira, representantes dos maiores consumidores de energia no pa\u00eds foram ao Pal\u00e1cio do Planalto hoje pedir \u00e0 ministra Dilma Rousseff (Casa Civil) melhores condi\u00e7\u00f5es de financiamento como forma de atrair investimentos para ampliar o parque gerador de energia hidrel\u00e9trica.<\/p>\n<p>De acordo com estudo da Abrace (Associa\u00e7\u00e3o Brasileira de Grandes Consumidores Industriais de Energia e de Consumidores Livres), o custo da energia no Brasil faz com que alguns produtos percam competitividade no mercado internacional.<\/p>\n<p>O aumento dos investimentos em hidrel\u00e9tricas seria, segundo eles, um caminho para aumentar a competitividade da ind\u00fastria, uma vez que a energia gerada a partir de fonte hidr\u00e1ulica normalmente \u00e9 mais barata que a energia t\u00e9rmica.<\/p>\n<p>Um dos representantes da associa\u00e7\u00e3o na reuni\u00e3o, o diretor da Gerdau, Erico Sommer, destacou que no exterior, principalmente em pa\u00edses em desenvolvimento, que s\u00e3o os principais concorrentes em rela\u00e7\u00e3o aos produtos brasileiros, os prazos de financiamento para empreendimentos de gera\u00e7\u00e3o de energia s\u00e3o melhores.<\/p>\n<p>Segundo Sommer, enquanto os prazos de financiamento chegam a 25 anos no exterior, no Brasil s\u00e3o de 14 anos. O per\u00edodo de car\u00eancia tamb\u00e9m foi apontado como desvantajoso no Brasil. No exterior, haveria, de acordo com o executivo, dois anos de car\u00eancia ap\u00f3s a entrada em opera\u00e7\u00e3o da usina, enquanto no Brasil come\u00e7aria \u00e0s vezes simultaneamente ou at\u00e9 mesmo antes do in\u00edcio do funcionamento das usinas.<\/p>\n<p>&#8216;No fundo esses pedidos de desonera\u00e7\u00e3o dos investimentos e condi\u00e7\u00f5es de financiamento melhores para essa parte de gera\u00e7\u00e3o de energia afeta todo o processo de investimento do pa\u00eds&#8217;, disse Sommer, ao comentar que h\u00e1 uma concord\u00e2ncia da ministra de que a melhoria de condi\u00e7\u00f5es para investimentos no setor faz parte do &#8216;destravamento do pa\u00eds&#8217;, e da busca de uma taxa de crescimento maior.<\/p>\n<p>&#8216;Tomara que entre alguma coisa no PAC. As nossas conversas com o governo n\u00e3o come\u00e7aram agora. Ent\u00e3o eles t\u00eam conhecimento das nossas preocupa\u00e7\u00f5es. \u00c9 poss\u00edvel que alguma coisa saia. Mas n\u00e3o \u00e9 certo&#8217;, afirmou o presidente da associa\u00e7\u00e3o, M\u00e1rio Ant\u00f4nio Cilento.<\/p>\n<p>De acordo com a Abrace, a energia el\u00e9trica representa, em alguns setores como cloro, soda, alum\u00ednio, ferro-liga e g\u00e1s industrial, por exemplo, cerca de 40% dos custos da ind\u00fastria.<\/p>\n<p><B>PATR\u00cdCIA ZIMMERMANN<\/B><br \/>\nda Folha Online<\/p>\n","protected":false},"excerpt":{"rendered":"<p>\u00c0s v\u00e9speras do an\u00fancio do Programa de Acelera\u00e7\u00e3o do Crescimento (PAC), previsto para segunda-feira, representantes dos maiores consumidores de energia no pa\u00eds foram ao Pal\u00e1cio do Planalto hoje pedir \u00e0 ministra Dilma Rousseff (Casa Civil) melhores condi\u00e7\u00f5es de financiamento como forma de atrair investimentos para ampliar o parque gerador de energia hidrel\u00e9trica. De acordo com [&hellip;]<\/p>\n","protected":false},"author":1,"featured_media":0,"comment_status":"open","ping_status":"open","sticky":false,"template":"","format":"standard","meta":{"footnotes":""},"categories":[1],"tags":[],"class_list":["post-7313","post","type-post","status-publish","format-standard","hentry","category-noticias"],"acf":[],"_links":{"self":[{"href":"https:\/\/www.crea-mt.org.br\/portal\/wp-json\/wp\/v2\/posts\/7313","targetHints":{"allow":["GET"]}}],"collection":[{"href":"https:\/\/www.crea-mt.org.br\/portal\/wp-json\/wp\/v2\/posts"}],"about":[{"href":"https:\/\/www.crea-mt.org.br\/portal\/wp-json\/wp\/v2\/types\/post"}],"author":[{"embeddable":true,"href":"https:\/\/www.crea-mt.org.br\/portal\/wp-json\/wp\/v2\/users\/1"}],"replies":[{"embeddable":true,"href":"https:\/\/www.crea-mt.org.br\/portal\/wp-json\/wp\/v2\/comments?post=7313"}],"version-history":[{"count":0,"href":"https:\/\/www.crea-mt.org.br\/portal\/wp-json\/wp\/v2\/posts\/7313\/revisions"}],"wp:attachment":[{"href":"https:\/\/www.crea-mt.org.br\/portal\/wp-json\/wp\/v2\/media?parent=7313"}],"wp:term":[{"taxonomy":"category","embeddable":true,"href":"https:\/\/www.crea-mt.org.br\/portal\/wp-json\/wp\/v2\/categories?post=7313"},{"taxonomy":"post_tag","embeddable":true,"href":"https:\/\/www.crea-mt.org.br\/portal\/wp-json\/wp\/v2\/tags?post=7313"}],"curies":[{"name":"wp","href":"https:\/\/api.w.org\/{rel}","templated":true}]}}