{"id":7311,"date":"2007-01-19T00:00:00","date_gmt":"2007-01-19T02:00:00","guid":{"rendered":"https:\/\/crea-mt.org.br\/portal\/ufmt-contrata-professor-para-departamento-de-geografia\/"},"modified":"2007-01-19T00:00:00","modified_gmt":"2007-01-19T02:00:00","slug":"ufmt-contrata-professor-para-departamento-de-geografia","status":"publish","type":"post","link":"https:\/\/www.crea-mt.org.br\/portal\/ufmt-contrata-professor-para-departamento-de-geografia\/","title":{"rendered":"UFMT contrata professor para Departamento de Geografia"},"content":{"rendered":"<p>A Universidade Federal de Mato Grosso (UFMT) oferece uma vaga para professor substituto do Departamento de Geografia, do Instituto de Ci\u00eancias Humanas e Sociais (ICHS), na \u00e1rea de Geografia Geral. Os candidatos devem ser graduados em Geografia, e disponibilidade para trabalhar em regime de 40 horas semanais.<\/p>\n<p>As inscri\u00e7\u00f5es estar\u00e3o abertas no per\u00edodo de 22 a 26 de janeiro. Os interessados dever\u00e3o procurar a secretaria do Departamento de Geografia, das 8h \u00e0s 11h30 e das 14h \u00e0s 17h, munidos de documenta\u00e7\u00e3o pessoal, curriculum vitae documentado e declara\u00e7\u00e3o de n\u00e3o ter sido contratado por nenhuma institui\u00e7\u00e3o de ensino superior nos \u00faltimos dois anos.<\/p>\n<p>O processo de sele\u00e7\u00e3o ser\u00e1 realizado nos dias 29, 30 e 31 de janeiro, no Departamento de Geografia, sala 103, bloco A do antigo CCS, por meio de prova escrita, prova did\u00e1tica, entrevista e an\u00e1lise de curr\u00edculo.<\/p>\n<p>Outras informa\u00e7\u00f5es podem ser obtidas pelos telefones (65) 3615-8481 ou 3615-8484.<\/p>\n<p>Fonte:RMT On Line<\/p>\n","protected":false},"excerpt":{"rendered":"<p>A Universidade Federal de Mato Grosso (UFMT) oferece uma vaga para professor substituto do Departamento de Geografia, do Instituto de Ci\u00eancias Humanas e Sociais (ICHS), na \u00e1rea de Geografia Geral. Os candidatos devem ser graduados em Geografia, e disponibilidade para trabalhar em regime de 40 horas semanais. As inscri\u00e7\u00f5es estar\u00e3o abertas no per\u00edodo de 22 [&hellip;]<\/p>\n","protected":false},"author":1,"featured_media":0,"comment_status":"open","ping_status":"open","sticky":false,"template":"","format":"standard","meta":{"footnotes":""},"categories":[1],"tags":[],"class_list":["post-7311","post","type-post","status-publish","format-standard","hentry","category-noticias"],"acf":[],"_links":{"self":[{"href":"https:\/\/www.crea-mt.org.br\/portal\/wp-json\/wp\/v2\/posts\/7311","targetHints":{"allow":["GET"]}}],"collection":[{"href":"https:\/\/www.crea-mt.org.br\/portal\/wp-json\/wp\/v2\/posts"}],"about":[{"href":"https:\/\/www.crea-mt.org.br\/portal\/wp-json\/wp\/v2\/types\/post"}],"author":[{"embeddable":true,"href":"https:\/\/www.crea-mt.org.br\/portal\/wp-json\/wp\/v2\/users\/1"}],"replies":[{"embeddable":true,"href":"https:\/\/www.crea-mt.org.br\/portal\/wp-json\/wp\/v2\/comments?post=7311"}],"version-history":[{"count":0,"href":"https:\/\/www.crea-mt.org.br\/portal\/wp-json\/wp\/v2\/posts\/7311\/revisions"}],"wp:attachment":[{"href":"https:\/\/www.crea-mt.org.br\/portal\/wp-json\/wp\/v2\/media?parent=7311"}],"wp:term":[{"taxonomy":"category","embeddable":true,"href":"https:\/\/www.crea-mt.org.br\/portal\/wp-json\/wp\/v2\/categories?post=7311"},{"taxonomy":"post_tag","embeddable":true,"href":"https:\/\/www.crea-mt.org.br\/portal\/wp-json\/wp\/v2\/tags?post=7311"}],"curies":[{"name":"wp","href":"https:\/\/api.w.org\/{rel}","templated":true}]}}