{"id":7307,"date":"2007-01-19T00:00:00","date_gmt":"2007-01-19T02:00:00","guid":{"rendered":"https:\/\/crea-mt.org.br\/portal\/aldeias-sao-premiadas-pelo-ministerio-da-cultura\/"},"modified":"2007-01-19T00:00:00","modified_gmt":"2007-01-19T02:00:00","slug":"aldeias-sao-premiadas-pelo-ministerio-da-cultura","status":"publish","type":"post","link":"https:\/\/www.crea-mt.org.br\/portal\/aldeias-sao-premiadas-pelo-ministerio-da-cultura\/","title":{"rendered":"Aldeias s\u00e3o premiadas pelo Minist\u00e9rio da Cultura"},"content":{"rendered":"<p>O Minist\u00e9rio da Cultura (Minc) selecionou tr\u00eas aldeias ind\u00edgenas de Mato Grosso do Sul para receber pr\u00eamio de R$ 15 mil reais, da primeira edi\u00e7\u00e3o do Concurso P\u00fablico Pr\u00eamio Culturas Ind\u00edgenas 2006. O Pr\u00eamio foi criado pelo Minc em parceria com a Associa\u00e7\u00e3o Guarani Tenonde Por\u00e3, organiza\u00e7\u00e3o ind\u00edgena n\u00e3o-governamental com sede em S\u00e3o Paulo (SP), com patroc\u00ednio da Petrobr\u00e1s, atrav\u00e9s da Lei Rouanet.<\/p>\n<p>De MS, os projetos selecionados s\u00e3o: Projeto de<br \/>\nRevitaliza\u00e7\u00e3o Cultural Guarani Kaiow\u00e1, da Aldeia de Amamba\u00ed (Amamba\u00ed); Arte Terena, da Aldeia \u00c1gua Azul (Dois Irm\u00e3os do Buriti); Artesanato Ind\u00edgena, da Aldeia Passarinha\/ Posto Ind\u00edgena Pilad Rebu\u00e1 (Miranda).<\/p>\n<p>&#8220;Com esse dinheiro, n\u00f3s queremos fazer melhorias, ampliar<br \/>\no trabalho. Uma das coisas \u00e9 construir um galp\u00e3o bom, para n\u00e3o deixar os trabalhos de artesanato ao relento, e colocar 20, 30 pessoas pra trabalhar dentro&#8221;, diz o cacique da aldeia Passarinha, Simi\u00e3o Medina Neto. Segundo o cacique, eles j\u00e1 escreveram uma carta de compromisso sobre a utiliza\u00e7\u00e3o dos recursos e a aldeia se re\u00fane nessa ter\u00e7a-feira (16\/01) para conversar sobre o pr\u00eamio.<\/p>\n<p>Em novembro de 2006, uma equipe da extinta Secretaria de<br \/>\nEstado de Cultura, hoje absorvida na Funda\u00e7\u00e3o de Cultura de Mato<br \/>\nGrosso do Sul (FCMS), esteve visitando aldeias do Estado para informar do pr\u00eamio e levar as fichas de inscri\u00e7\u00e3o. &#8220;O trabalho da aldeia<br \/>\nPassarinha, por exemplo, recupera um artesanato tradicional que estava um pouco esquecido por l\u00e1; um trabalho de cestaria com fibra natural de taboa. \u00c9 uma aldeia muito carente, com uma popula\u00e7\u00e3o bem grande, ent\u00e3o ficamos contentes que eles tenham sido contemplados junto outras duas aldeias&#8221;, diz Sabrina Areco, soci\u00f3loga e gestora de atividades culturais da FCMS.<\/p>\n<p>Um dos objetivos da premia\u00e7\u00e3o \u00e9 valorizar e dar visibilidade a<br \/>\niniciativas culturais dos povos ind\u00edgenas ocorridas nos \u00faltimos cinco<br \/>\nanos, fortalecendo express\u00f5es culturais e a identidade ind\u00edgena. Foram selecionadas 82 iniciativas, de um total de 504 a\u00e7\u00f5es inscritas.<\/p>\n<p>No Centro-Oeste, foram selecionadas 20 propostas, o que corresponde a 25% do total nacional. Segundo Sabrina Areco, o Minc explicou que MS teve uma propor\u00e7\u00e3o menor de selecionados que aldeias de Mato Grosso porque apresentou menor n\u00famero de inscri\u00e7\u00f5es. Mais informa\u00e7\u00f5es pelo site www.culturagov.br ou pelo fone 0800 774 0240.<\/p>\n<p><B>Moema Vilela<\/B> &#8211; DRT\/MS 0904<br \/>\n<B>Assessoria de comunica\u00e7\u00e3o da Funda\u00e7\u00e3o de Cultura de MS<\/B><\/p>\n","protected":false},"excerpt":{"rendered":"<p>O Minist\u00e9rio da Cultura (Minc) selecionou tr\u00eas aldeias ind\u00edgenas de Mato Grosso do Sul para receber pr\u00eamio de R$ 15 mil reais, da primeira edi\u00e7\u00e3o do Concurso P\u00fablico Pr\u00eamio Culturas Ind\u00edgenas 2006. O Pr\u00eamio foi criado pelo Minc em parceria com a Associa\u00e7\u00e3o Guarani Tenonde Por\u00e3, organiza\u00e7\u00e3o ind\u00edgena n\u00e3o-governamental com sede em S\u00e3o Paulo (SP), [&hellip;]<\/p>\n","protected":false},"author":1,"featured_media":0,"comment_status":"open","ping_status":"open","sticky":false,"template":"","format":"standard","meta":{"footnotes":""},"categories":[1],"tags":[],"class_list":["post-7307","post","type-post","status-publish","format-standard","hentry","category-noticias"],"acf":[],"_links":{"self":[{"href":"https:\/\/www.crea-mt.org.br\/portal\/wp-json\/wp\/v2\/posts\/7307","targetHints":{"allow":["GET"]}}],"collection":[{"href":"https:\/\/www.crea-mt.org.br\/portal\/wp-json\/wp\/v2\/posts"}],"about":[{"href":"https:\/\/www.crea-mt.org.br\/portal\/wp-json\/wp\/v2\/types\/post"}],"author":[{"embeddable":true,"href":"https:\/\/www.crea-mt.org.br\/portal\/wp-json\/wp\/v2\/users\/1"}],"replies":[{"embeddable":true,"href":"https:\/\/www.crea-mt.org.br\/portal\/wp-json\/wp\/v2\/comments?post=7307"}],"version-history":[{"count":0,"href":"https:\/\/www.crea-mt.org.br\/portal\/wp-json\/wp\/v2\/posts\/7307\/revisions"}],"wp:attachment":[{"href":"https:\/\/www.crea-mt.org.br\/portal\/wp-json\/wp\/v2\/media?parent=7307"}],"wp:term":[{"taxonomy":"category","embeddable":true,"href":"https:\/\/www.crea-mt.org.br\/portal\/wp-json\/wp\/v2\/categories?post=7307"},{"taxonomy":"post_tag","embeddable":true,"href":"https:\/\/www.crea-mt.org.br\/portal\/wp-json\/wp\/v2\/tags?post=7307"}],"curies":[{"name":"wp","href":"https:\/\/api.w.org\/{rel}","templated":true}]}}