{"id":7303,"date":"2007-01-22T00:00:00","date_gmt":"2007-01-22T02:00:00","guid":{"rendered":"https:\/\/crea-mt.org.br\/portal\/cp-define-nova-metodologia-de-trabalho-e-metas\/"},"modified":"2007-01-22T00:00:00","modified_gmt":"2007-01-22T02:00:00","slug":"cp-define-nova-metodologia-de-trabalho-e-metas","status":"publish","type":"post","link":"https:\/\/www.crea-mt.org.br\/portal\/cp-define-nova-metodologia-de-trabalho-e-metas\/","title":{"rendered":"CP define nova metodologia de trabalho e metas"},"content":{"rendered":"<p>\nA primeira reuni\u00e3o de 2007 do Col\u00e9gio de Presidentes do Sistema Confea\/Crea come\u00e7ou dia 18 de janeiro, e foi at\u00e9 dia 19, no hotel Rio Othon, no Rio de Janeiro (RJ). Trata-se de uma reuni\u00e3o pr\u00e9via, com o objetivo de definir uma nova metodologia de trabalho, com foco no planejamento estrat\u00e9gico para as a\u00e7\u00f5es de 2007. <\/p>\n<p>A proposta de nova metodologia, conforme decidido na \u00faltima reuni\u00e3o de 2006, que aconteceu em novembro, em Florian\u00f3polis (SC), est\u00e1 sendo constru\u00edda em conjunto por todos os representantes do Col\u00e9gio, isso \u00e9 os presidentes dos 27 Conselhos Regionais. O respons\u00e1vel por apresentar uma proposta a ser aprovada foi o presidente do Crea-PE, Roberto Lemos Muniz. <\/p>\n<p>&#8220;A partir desta reuni\u00e3o, o Col\u00e9gio pautar\u00e1 suas a\u00e7\u00f5es de forma estruturada e sistem\u00e1tica, trabalhando de forma estrat\u00e9gica e n\u00e3o pautado por demandas emergenciais, como vinha acontecendo at\u00e9 ent\u00e3o&#8221;, destacou Muniz. Nesse trabalho, ele recebeu apoio do ex-conselheiro Federal Milton da Costa Pinto e do facilitador da M\u00fatua Heliomar Abreu Rosa. &#8220;O objetivo \u00e9 que o col\u00e9gio possa ser mais objetivo em suas a\u00e7\u00f5es e que permita um acompanhamento mais detalhado de cada passo em dire\u00e7\u00e3o \u00e0s metas propostas&#8221;, destacou o conselheiro Milton. <\/p>\n<p>Nessa reuni\u00e3o pr\u00e9via, tamb\u00e9m foi realizada a elei\u00e7\u00e3o do coordenador e coordenador adjunto. A vota\u00e7\u00e3o aconteceu dia 19\/01 a tarde.<\/p>\n<p><B>Mariana Zanatta<\/B><br \/>\nEquipe de Comunica\u00e7\u00e3o do Confea<\/p>\n","protected":false},"excerpt":{"rendered":"<p>A primeira reuni\u00e3o de 2007 do Col\u00e9gio de Presidentes do Sistema Confea\/Crea come\u00e7ou dia 18 de janeiro, e foi at\u00e9 dia 19, no hotel Rio Othon, no Rio de Janeiro (RJ). Trata-se de uma reuni\u00e3o pr\u00e9via, com o objetivo de definir uma nova metodologia de trabalho, com foco no planejamento estrat\u00e9gico para as a\u00e7\u00f5es de [&hellip;]<\/p>\n","protected":false},"author":1,"featured_media":0,"comment_status":"open","ping_status":"open","sticky":false,"template":"","format":"standard","meta":{"footnotes":""},"categories":[1],"tags":[],"class_list":["post-7303","post","type-post","status-publish","format-standard","hentry","category-noticias"],"acf":[],"_links":{"self":[{"href":"https:\/\/www.crea-mt.org.br\/portal\/wp-json\/wp\/v2\/posts\/7303","targetHints":{"allow":["GET"]}}],"collection":[{"href":"https:\/\/www.crea-mt.org.br\/portal\/wp-json\/wp\/v2\/posts"}],"about":[{"href":"https:\/\/www.crea-mt.org.br\/portal\/wp-json\/wp\/v2\/types\/post"}],"author":[{"embeddable":true,"href":"https:\/\/www.crea-mt.org.br\/portal\/wp-json\/wp\/v2\/users\/1"}],"replies":[{"embeddable":true,"href":"https:\/\/www.crea-mt.org.br\/portal\/wp-json\/wp\/v2\/comments?post=7303"}],"version-history":[{"count":0,"href":"https:\/\/www.crea-mt.org.br\/portal\/wp-json\/wp\/v2\/posts\/7303\/revisions"}],"wp:attachment":[{"href":"https:\/\/www.crea-mt.org.br\/portal\/wp-json\/wp\/v2\/media?parent=7303"}],"wp:term":[{"taxonomy":"category","embeddable":true,"href":"https:\/\/www.crea-mt.org.br\/portal\/wp-json\/wp\/v2\/categories?post=7303"},{"taxonomy":"post_tag","embeddable":true,"href":"https:\/\/www.crea-mt.org.br\/portal\/wp-json\/wp\/v2\/tags?post=7303"}],"curies":[{"name":"wp","href":"https:\/\/api.w.org\/{rel}","templated":true}]}}