{"id":7302,"date":"2007-01-22T00:00:00","date_gmt":"2007-01-22T02:00:00","guid":{"rendered":"https:\/\/crea-mt.org.br\/portal\/fim-da-policia-ambiental-no-mt-preocupa-ambientalistas\/"},"modified":"2007-01-22T00:00:00","modified_gmt":"2007-01-22T02:00:00","slug":"fim-da-policia-ambiental-no-mt-preocupa-ambientalistas","status":"publish","type":"post","link":"https:\/\/www.crea-mt.org.br\/portal\/fim-da-policia-ambiental-no-mt-preocupa-ambientalistas\/","title":{"rendered":"Fim da Pol\u00edcia Ambiental no MT preocupa ambientalistas"},"content":{"rendered":"<p>Em dezembro do ano passado, a quarta edi\u00e7\u00e3o do Boletim Transpar\u00eancia Florestal do Estado de Mato Grosso, produzido pelo Instituto Centro de Vida &#8211; ICV &#8211; em parceria com o Imazon, revelou que apenas 8% da \u00e1rea desmatada em 2006 naquele estado ocorreu perfeitamente de acordo com a legisla\u00e7\u00e3o ambiental. <\/p>\n<p>Diante do desrespeito que grassa na regi\u00e3o, causou surpresa a not\u00edcia recente de que o governador Blairo Maggi decidiu extinguir o Batalh\u00e3o Ambiental da Pol\u00edcia Militar. <\/p>\n<p>&#8220;Aqui \u00e9 a terra do desmatamento e do roubo de madeira; como se pode fazer isso?&#8221;, questiona um membro da corpora\u00e7\u00e3o que, por motivos \u00f3bvios, pediu para n\u00e3o ser identificado. <\/p>\n<p>A assessora de Imprensa da Secretaria de Justi\u00e7a e Seguran\u00e7a P\u00fablica do Mato Grosso &#8211; Sejusp -, M\u00e1rcia Andreola, confirma a informa\u00e7\u00e3o. Disse a AmbienteBrasil que a Pol\u00edcia Militar est\u00e1 passando por um &#8220;processo de reengenharia&#8221;. <\/p>\n<p>H\u00e1 poucos dias, os novos titulares dos cargos de secret\u00e1rio de Estado e de comandante geral da PM &#8211; respectivamente Carlos Brito e Adaildon Evaristo Costa &#8211; assumiram suas fun\u00e7\u00f5es e pretendem implantar &#8211; nos dizeres de M\u00e1rcia &#8211; &#8220;um novo modelo de gest\u00e3o p\u00fablica&#8221;. <\/p>\n<p>Segundo ela, todos os batalh\u00f5es v\u00e3o ter equipes especializadas na quest\u00e3o ambiental, o que, em tese, dar\u00e1 mais agilidade e efici\u00eancia \u00e0s opera\u00e7\u00f5es que demandem tais conhecimentos. <\/p>\n<p>&#8220;O Batalh\u00e3o Ambiental ficava em V\u00e1rzea Grande, ao lado de Cuiab\u00e1. Para qualquer a\u00e7\u00e3o, tinha que deslocar o pessoal daqui&#8221;, diz ela, argumentando que agora, com gente preparada em todos os cinco Comandos Regionais, se ter\u00e1 uma efetiva cobertura no estado inteiro. <\/p>\n<p>Rea\u00e7\u00e3o &#8211; A comunidade ambientalista do Mato Grosso n\u00e3o absorveu bem a proposta. &#8220;A id\u00e9ia de fortalecer os demais batalh\u00f5es \u00e9 boa, mas isso n\u00e3o necessariamente deveria inviabilizar o que j\u00e1 existe&#8221;, diz Andr\u00e9 Alves, secret\u00e1rio executivo do F\u00f3rum Matogrossense de Meio Ambiente e Desenvolvimento &#8211; Formad -, para quem a iniciativa representa um retrocesso. <\/p>\n<p>Ele antecipou que a extin\u00e7\u00e3o da Pol\u00edcia Ambiental \u00e9 um dos temas da pauta da pr\u00f3xima reuni\u00e3o da entidade, agendada para o dia 29. <\/p>\n<p>&#8220;Acredito que essa seja mais uma das medidas do Governo para enfraquecer as a\u00e7\u00f5es de prote\u00e7\u00e3o ao meio ambiente no Mato Grosso&#8221;, avalia a secret\u00e1ria executiva da Rede Matogrossense de Educa\u00e7\u00e3o Ambiental &#8211; Remtea -, Michele Jaber. <\/p>\n<p>Segundo ela, j\u00e1 est\u00e1 em gesta\u00e7\u00e3o um movimento para tentar demover o governador Blairo Maggi da id\u00e9ia.<\/p>\n<p><B>M\u00f4nica Pinto \/ AmbienteBrasil <\/B><\/p>\n","protected":false},"excerpt":{"rendered":"<p>Em dezembro do ano passado, a quarta edi\u00e7\u00e3o do Boletim Transpar\u00eancia Florestal do Estado de Mato Grosso, produzido pelo Instituto Centro de Vida &#8211; ICV &#8211; em parceria com o Imazon, revelou que apenas 8% da \u00e1rea desmatada em 2006 naquele estado ocorreu perfeitamente de acordo com a legisla\u00e7\u00e3o ambiental. Diante do desrespeito que grassa [&hellip;]<\/p>\n","protected":false},"author":1,"featured_media":0,"comment_status":"open","ping_status":"open","sticky":false,"template":"","format":"standard","meta":{"footnotes":""},"categories":[1],"tags":[],"class_list":["post-7302","post","type-post","status-publish","format-standard","hentry","category-noticias"],"acf":[],"_links":{"self":[{"href":"https:\/\/www.crea-mt.org.br\/portal\/wp-json\/wp\/v2\/posts\/7302","targetHints":{"allow":["GET"]}}],"collection":[{"href":"https:\/\/www.crea-mt.org.br\/portal\/wp-json\/wp\/v2\/posts"}],"about":[{"href":"https:\/\/www.crea-mt.org.br\/portal\/wp-json\/wp\/v2\/types\/post"}],"author":[{"embeddable":true,"href":"https:\/\/www.crea-mt.org.br\/portal\/wp-json\/wp\/v2\/users\/1"}],"replies":[{"embeddable":true,"href":"https:\/\/www.crea-mt.org.br\/portal\/wp-json\/wp\/v2\/comments?post=7302"}],"version-history":[{"count":0,"href":"https:\/\/www.crea-mt.org.br\/portal\/wp-json\/wp\/v2\/posts\/7302\/revisions"}],"wp:attachment":[{"href":"https:\/\/www.crea-mt.org.br\/portal\/wp-json\/wp\/v2\/media?parent=7302"}],"wp:term":[{"taxonomy":"category","embeddable":true,"href":"https:\/\/www.crea-mt.org.br\/portal\/wp-json\/wp\/v2\/categories?post=7302"},{"taxonomy":"post_tag","embeddable":true,"href":"https:\/\/www.crea-mt.org.br\/portal\/wp-json\/wp\/v2\/tags?post=7302"}],"curies":[{"name":"wp","href":"https:\/\/api.w.org\/{rel}","templated":true}]}}