{"id":7299,"date":"2007-01-22T00:00:00","date_gmt":"2007-01-22T02:00:00","guid":{"rendered":"https:\/\/crea-mt.org.br\/portal\/ministerio-confirma-interesse-de-investidores-internacionais-em-produzir-biocombustiveis-no-brasil\/"},"modified":"2007-01-22T00:00:00","modified_gmt":"2007-01-22T02:00:00","slug":"ministerio-confirma-interesse-de-investidores-internacionais-em-produzir-biocombustiveis-no-brasil","status":"publish","type":"post","link":"https:\/\/www.crea-mt.org.br\/portal\/ministerio-confirma-interesse-de-investidores-internacionais-em-produzir-biocombustiveis-no-brasil\/","title":{"rendered":"Minist\u00e9rio confirma interesse de investidores internacionais em produzir biocombust\u00edveis no Brasil"},"content":{"rendered":"<p>O Minist\u00e9rio de Desenvolvimento Agr\u00e1rio (MDA) confirma que h\u00e1 interesse de investidores, entre grupos nacionais e multinacionais, na produ\u00e7\u00e3o de biocombust\u00edveis no Brasil. <\/p>\n<p>Segundo a coordenadora de Biocombust\u00edveis da Secretaria de Agricultura Familiar do minist\u00e9rio, Edna Carmelio, &#8220;grandes empresas de capital nacional que j\u00e1 plantavam soja passaram a produzir biodiesel&#8221;. Ela informou que costuma receber empres\u00e1rios, representantes de fundos de investimentos e de pens\u00e3o &#8220;interessados em alocar recursos nesse setor&#8221;. <\/p>\n<p>Para a secret\u00e1ria, \u00e9 poss\u00edvel utilizar a terra de forma racional, sem prejudicar o meio ambiente ou amea\u00e7ar a seguran\u00e7a alimentar: &#8220;H\u00e1 exemplos, em S\u00e3o Paulo, de empresas que j\u00e1 plantavam cana e que passaram a aproveitar o per\u00edodo de descanso da terra para cultivar amendoim&#8221;. Assim como o girassol e o dend\u00ea, o amendoim \u00e9 uma fonte de \u00f3leo vegetal com o qual se pode produzir o biodiesel. <\/p>\n<p>Tamb\u00e9m em S\u00e3o Paulo, ela citou empresas que al\u00e9m de manterem produ\u00e7\u00e3o pr\u00f3pria, fecharam contratos com cooperativas de outras regi\u00f5es. &#8220;H\u00e1 um movimento em busca de mat\u00e9rias-primas. N\u00e3o \u00e9 como a cana, em que a ind\u00fastria est\u00e1 em uma localidade e a mat\u00e9ria-prima est\u00e1 ao redor. O \u00f3leo para a produ\u00e7\u00e3o do biodiesel vem de gr\u00e3os que podem ser transportados e armazenados, o nos permite aproveitar de forma mais inteligente a potencialidade da terra, abastecendo o mercado nas entressafras&#8221;, apontou. <\/p>\n<p>Entre janeiro e novembro de 2006, o pa\u00eds produziu cerca de 55 milh\u00f5es de litros de biodiesel &#8211; somente em novembro foram cerca de 17 milh\u00f5es de litros, informou. E acrescentou que a Petrobras tem comprado e distribu\u00eddo praticamente todo o biodiesel produzido no pa\u00eds. A exporta\u00e7\u00e3o, no entanto, ainda \u00e9 pequena e precisa ser autorizada pela Ag\u00eancia Nacional do Petr\u00f3leo, G\u00e1s Natural e Biocombust\u00edveis (ANP). &#8220;Ainda estamos consolidando nosso mercado interno, mas se houver interesse de um empres\u00e1rio, n\u00e3o haver\u00e1 obst\u00e1culo&#8221;, disse.<\/p>\n<p>A secret\u00e1ria detectou uma tend\u00eancia para que ocorra com o biodiesel o mesmo que com o etanol: &#8220;Desde o ano passado, com a corrida dos pa\u00edses europeus para adquirir combust\u00edveis renov\u00e1veis, passamos a exportar volumes expressivos de etanol&#8221;. <\/p>\n<p>Edna Carmelio citou ainda estudo da Embrapa indicando que se o Brasil utilizar a terra de forma racional, pode produzir o biodiesel necess\u00e1rio para substituir o diesel comum e ainda exportar o excedente: &#8220;Sem derrubar uma s\u00f3 \u00e1rvore, podemos produzir em escala. Sem concorrer com a produ\u00e7\u00e3o de alimentos e respeitando o meio ambiente&#8221;.<\/p>\n<p>O governo, segundo ela, tem concedido benef\u00edcios aos produtores. &#8220;Quer\u00edamos que o biodiesel fosse produzido em larga escala e que gerasse empregos e inclus\u00e3o social. Para estimular isso, demos est\u00edmulos tribut\u00e1rios \u00e0s empresas que trabalham com agricultores familiares. Quanto mais essas empresas compram da agricultura familiar, menos impostos federais elas pagam. E os financiamentos a projetos industriais s\u00e3o um incentivo: o BNDES [Banco Nacional de Desenvolvimento Econ\u00f4mico e Social] j\u00e1 liberou mais de R$ 200 milh\u00f5es para o setor&#8221;.  <\/p>\n<p><B> Alex Rodrigues e Grazielle Machado\/ Ag\u00eancia Brasil<\/B><\/p>\n","protected":false},"excerpt":{"rendered":"<p>O Minist\u00e9rio de Desenvolvimento Agr\u00e1rio (MDA) confirma que h\u00e1 interesse de investidores, entre grupos nacionais e multinacionais, na produ\u00e7\u00e3o de biocombust\u00edveis no Brasil. Segundo a coordenadora de Biocombust\u00edveis da Secretaria de Agricultura Familiar do minist\u00e9rio, Edna Carmelio, &#8220;grandes empresas de capital nacional que j\u00e1 plantavam soja passaram a produzir biodiesel&#8221;. Ela informou que costuma receber [&hellip;]<\/p>\n","protected":false},"author":1,"featured_media":0,"comment_status":"open","ping_status":"open","sticky":false,"template":"","format":"standard","meta":{"footnotes":""},"categories":[1],"tags":[],"class_list":["post-7299","post","type-post","status-publish","format-standard","hentry","category-noticias"],"acf":[],"_links":{"self":[{"href":"https:\/\/www.crea-mt.org.br\/portal\/wp-json\/wp\/v2\/posts\/7299","targetHints":{"allow":["GET"]}}],"collection":[{"href":"https:\/\/www.crea-mt.org.br\/portal\/wp-json\/wp\/v2\/posts"}],"about":[{"href":"https:\/\/www.crea-mt.org.br\/portal\/wp-json\/wp\/v2\/types\/post"}],"author":[{"embeddable":true,"href":"https:\/\/www.crea-mt.org.br\/portal\/wp-json\/wp\/v2\/users\/1"}],"replies":[{"embeddable":true,"href":"https:\/\/www.crea-mt.org.br\/portal\/wp-json\/wp\/v2\/comments?post=7299"}],"version-history":[{"count":0,"href":"https:\/\/www.crea-mt.org.br\/portal\/wp-json\/wp\/v2\/posts\/7299\/revisions"}],"wp:attachment":[{"href":"https:\/\/www.crea-mt.org.br\/portal\/wp-json\/wp\/v2\/media?parent=7299"}],"wp:term":[{"taxonomy":"category","embeddable":true,"href":"https:\/\/www.crea-mt.org.br\/portal\/wp-json\/wp\/v2\/categories?post=7299"},{"taxonomy":"post_tag","embeddable":true,"href":"https:\/\/www.crea-mt.org.br\/portal\/wp-json\/wp\/v2\/tags?post=7299"}],"curies":[{"name":"wp","href":"https:\/\/api.w.org\/{rel}","templated":true}]}}